{"id":25120,"date":"2024-10-09T19:45:55","date_gmt":"2024-10-09T19:45:55","guid":{"rendered":"https:\/\/www.agriatv.hu\/?p=25120"},"modified":"2024-10-09T19:45:56","modified_gmt":"2024-10-09T19:45:56","slug":"szeretoje-vegezte-ki-gyermekei-apjat","status":"publish","type":"post","link":"https:\/\/www.agriatv.hu\/?p=25120","title":{"rendered":"Szeret\u0151je v\u00e9gezte ki gyermekei apj\u00e1t"},"content":{"rendered":"<div class=\"wp-block-image\">\n<figure class=\"alignleft is-resized\"><img decoding=\"async\" src=\"https:\/\/cdn.tenyek.hu\/media\/a\/a1\/a1eda5d4c9041b2f7734c654a95cc356.jpg\" alt=\"Media player poster frame\" style=\"width:223px;height:auto\"\/><\/figure>\n<\/div>\n\n\n<p>Hal\u00e1lra sz\u00farta \u00e9s el\u00e1sta gyerekkori bar\u00e1tj\u00e1t egy buj\u00e1ki f\u00e9rfi, hogy \u00f6v\u00e9 legyen \u00e1ldozata \u00e9lett\u00e1rsa. Ezt most a kamer\u00e1k el\u0151tt is bevallotta, s\u0151t az is kider\u00fclt, viszonya volt a n\u0151vel, ezen vesztek \u00f6ssze. A h\u00e1romgyerekes apa pr\u00f3b\u00e1lt elmenek\u00fclni bar\u00e1tja el\u0151l, de elesett \u00e9s hi\u00e1ba v\u00e9dekezett, a f\u00e9rfi mellkason sz\u00farta, egy \u00e1s\u00f3val is fejbe verte \u00e9s el\u00e1sta. Ezut\u00e1n a gyilkos elment \u00e1ldozata \u00e9lett\u00e1rs\u00e1hoz \u00e9s elmondta, gondoskodni fog r\u00f3la \u00e9s a gyerekekr\u0151l. Ez lett gyan\u00fas a nyomoz\u00f3knak.<\/p>\n\n\n\n<div style=\"width: 100%; aspect-ratio: 16\/9; position: relative;\"><iframe src=\"https:\/\/tenyek.hu\/embed\/51625_szeretoje-vegezte-ki-gyermekei-apjat?autoplay=0\" frameborder=\"0\" allow=\"fullscreen; encrypted-media; autoplay\" style=\"width: 100%; height: 100%; position: absolute;\"><\/iframe><\/div>\n","protected":false},"excerpt":{"rendered":"<p>Hal\u00e1lra sz\u00farta \u00e9s el\u00e1sta gyerekkori bar\u00e1tj\u00e1t egy buj\u00e1ki f\u00e9rfi, hogy \u00f6v\u00e9 legyen \u00e1ldozata \u00e9lett\u00e1rsa. Ezt most a kamer\u00e1k el\u0151tt is bevallotta, s\u0151t az is kider\u00fclt, viszonya volt a n\u0151vel, ezen vesztek \u00f6ssze. A h\u00e1romgyerekes apa pr\u00f3b\u00e1lt elmenek\u00fclni bar\u00e1tja el\u0151l, de elesett \u00e9s hi\u00e1ba v\u00e9dekezett, a f\u00e9rfi mellkason sz\u00farta, egy \u00e1s\u00f3val is fejbe verte \u00e9s el\u00e1sta. [&#8230;]<\/p>\n","protected":false},"author":4,"featured_media":0,"comment_status":"open","ping_status":"closed","sticky":false,"template":"","format":"standard","meta":{"footnotes":""},"categories":[5],"tags":[3630,3544,3948,2082,3693,1406],"class_list":["post-25120","post","type-post","status-publish","format-standard","hentry","category-kek-hirek","tag-aso","tag-barat","tag-bujak","tag-emberoles","tag-szereto","tag-temeto"],"_links":{"self":[{"href":"https:\/\/www.agriatv.hu\/index.php?rest_route=\/wp\/v2\/posts\/25120","targetHints":{"allow":["GET"]}}],"collection":[{"href":"https:\/\/www.agriatv.hu\/index.php?rest_route=\/wp\/v2\/posts"}],"about":[{"href":"https:\/\/www.agriatv.hu\/index.php?rest_route=\/wp\/v2\/types\/post"}],"author":[{"embeddable":true,"href":"https:\/\/www.agriatv.hu\/index.php?rest_route=\/wp\/v2\/users\/4"}],"replies":[{"embeddable":true,"href":"https:\/\/www.agriatv.hu\/index.php?rest_route=%2Fwp%2Fv2%2Fcomments&post=25120"}],"version-history":[{"count":1,"href":"https:\/\/www.agriatv.hu\/index.php?rest_route=\/wp\/v2\/posts\/25120\/revisions"}],"predecessor-version":[{"id":25121,"href":"https:\/\/www.agriatv.hu\/index.php?rest_route=\/wp\/v2\/posts\/25120\/revisions\/25121"}],"wp:attachment":[{"href":"https:\/\/www.agriatv.hu\/index.php?rest_route=%2Fwp%2Fv2%2Fmedia&parent=25120"}],"wp:term":[{"taxonomy":"category","embeddable":true,"href":"https:\/\/www.agriatv.hu\/index.php?rest_route=%2Fwp%2Fv2%2Fcategories&post=25120"},{"taxonomy":"post_tag","embeddable":true,"href":"https:\/\/www.agriatv.hu\/index.php?rest_route=%2Fwp%2Fv2%2Ftags&post=25120"}],"curies":[{"name":"wp","href":"https:\/\/api.w.org\/{rel}","templated":true}]}}