{"id":25154,"date":"2024-11-08T19:50:17","date_gmt":"2024-11-08T19:50:17","guid":{"rendered":"https:\/\/www.agriatv.hu\/?p=25154"},"modified":"2024-11-08T19:50:18","modified_gmt":"2024-11-08T19:50:18","slug":"berantotta-a-traktortarcsa-szornyethalt","status":"publish","type":"post","link":"https:\/\/www.agriatv.hu\/?p=25154","title":{"rendered":"Ber\u00e1ntotta a traktort\u00e1rcsa, sz\u00f6rnyethalt"},"content":{"rendered":"<div class=\"wp-block-image\">\n<figure class=\"alignleft is-resized\"><img decoding=\"async\" src=\"https:\/\/cdn.tenyek.hu\/media\/c\/cb\/cba8f3d8ff45f7a5266b1de666091097.jpg\" alt=\"Media player poster frame\" style=\"width:237px;height:auto\"\/><\/figure>\n<\/div>\n\n\n<p>Sz\u00f6rnyethalt egy munk\u00e1s cs\u00fct\u00f6rt\u00f6k d\u00e9lut\u00e1n az egyik hevesi tany\u00e1n, miut\u00e1n a ruh\u00e1ja egy traktort\u00e1rcsa forg\u00f3 tengely\u00e9be akadt, a hatalmas szerkezet pedig maga k\u00f6r\u00e9 csavarta. Az 50 \u00e9v k\u00f6r\u00fcli f\u00e9rfi val\u00f3sz\u00edn\u0171leg a m\u00e9g forg\u00f3 kard\u00e1ntengely k\u00f6zel\u00e9be ment, ekkor t\u00f6rt\u00e9nt a trag\u00e9dia. A munkat\u00e1rsai kezdt\u00e9k el keresni, amikor nem jelentkezett az egyik telephelyen, v\u00e9g\u00fcl a t\u00e1rcs\u00e1k k\u00f6z\u00f6tt tal\u00e1lt\u00e1k meg a test\u00e9t, de m\u00e1r nem lehetett rajta seg\u00edteni.<\/p>\n\n\n\n<div style=\"width: 100%; aspect-ratio: 16\/9; position: relative;\"><iframe src=\"https:\/\/tenyek.hu\/embed\/52654_berantotta-a-traktortarcsa-szornyethalt?autoplay=0\" frameborder=\"0\" allow=\"fullscreen; encrypted-media; autoplay\" style=\"width: 100%; height: 100%; position: absolute;\"><\/iframe><\/div>\n","protected":false},"excerpt":{"rendered":"<p>Sz\u00f6rnyethalt egy munk\u00e1s cs\u00fct\u00f6rt\u00f6k d\u00e9lut\u00e1n az egyik hevesi tany\u00e1n, miut\u00e1n a ruh\u00e1ja egy traktort\u00e1rcsa forg\u00f3 tengely\u00e9be akadt, a hatalmas szerkezet pedig maga k\u00f6r\u00e9 csavarta. Az 50 \u00e9v k\u00f6r\u00fcli f\u00e9rfi val\u00f3sz\u00edn\u0171leg a m\u00e9g forg\u00f3 kard\u00e1ntengely k\u00f6zel\u00e9be ment, ekkor t\u00f6rt\u00e9nt a trag\u00e9dia. A munkat\u00e1rsai kezdt\u00e9k el keresni, amikor nem jelentkezett az egyik telephelyen, v\u00e9g\u00fcl a t\u00e1rcs\u00e1k k\u00f6z\u00f6tt [&#8230;]<\/p>\n","protected":false},"author":4,"featured_media":0,"comment_status":"open","ping_status":"closed","sticky":false,"template":"","format":"standard","meta":{"footnotes":""},"categories":[5],"tags":[41,237,4392,2707,1899],"class_list":["post-25154","post","type-post","status-publish","format-standard","hentry","category-kek-hirek","tag-baleset","tag-heves","tag-tengely","tag-tragedia","tag-traktor"],"_links":{"self":[{"href":"https:\/\/www.agriatv.hu\/index.php?rest_route=\/wp\/v2\/posts\/25154","targetHints":{"allow":["GET"]}}],"collection":[{"href":"https:\/\/www.agriatv.hu\/index.php?rest_route=\/wp\/v2\/posts"}],"about":[{"href":"https:\/\/www.agriatv.hu\/index.php?rest_route=\/wp\/v2\/types\/post"}],"author":[{"embeddable":true,"href":"https:\/\/www.agriatv.hu\/index.php?rest_route=\/wp\/v2\/users\/4"}],"replies":[{"embeddable":true,"href":"https:\/\/www.agriatv.hu\/index.php?rest_route=%2Fwp%2Fv2%2Fcomments&post=25154"}],"version-history":[{"count":1,"href":"https:\/\/www.agriatv.hu\/index.php?rest_route=\/wp\/v2\/posts\/25154\/revisions"}],"predecessor-version":[{"id":25155,"href":"https:\/\/www.agriatv.hu\/index.php?rest_route=\/wp\/v2\/posts\/25154\/revisions\/25155"}],"wp:attachment":[{"href":"https:\/\/www.agriatv.hu\/index.php?rest_route=%2Fwp%2Fv2%2Fmedia&parent=25154"}],"wp:term":[{"taxonomy":"category","embeddable":true,"href":"https:\/\/www.agriatv.hu\/index.php?rest_route=%2Fwp%2Fv2%2Fcategories&post=25154"},{"taxonomy":"post_tag","embeddable":true,"href":"https:\/\/www.agriatv.hu\/index.php?rest_route=%2Fwp%2Fv2%2Ftags&post=25154"}],"curies":[{"name":"wp","href":"https:\/\/api.w.org\/{rel}","templated":true}]}}