{"id":25163,"date":"2024-11-27T15:31:02","date_gmt":"2024-11-27T15:31:02","guid":{"rendered":"https:\/\/www.agriatv.hu\/?p=25163"},"modified":"2024-11-27T15:31:03","modified_gmt":"2024-11-27T15:31:03","slug":"nyit-az-eger-advent","status":"publish","type":"post","link":"https:\/\/www.agriatv.hu\/?p=25163","title":{"rendered":"Nyit az Eger Advent"},"content":{"rendered":"\n<div class=\"wp-block-group is-nowrap is-layout-flex wp-container-core-group-is-layout-ad2f72ca wp-block-group-is-layout-flex\">\n<figure class=\"wp-block-image size-large\"><a href=\"https:\/\/www.agriatv.hu\/wp-content\/uploads\/2024\/11\/Eger-Advent-2024.png\"><img loading=\"lazy\" decoding=\"async\" width=\"1024\" height=\"450\" src=\"https:\/\/www.agriatv.hu\/wp-content\/uploads\/2024\/11\/Eger-Advent-2024-1024x450.png\" alt=\"\" class=\"wp-image-25164\" srcset=\"https:\/\/www.agriatv.hu\/wp-content\/uploads\/2024\/11\/Eger-Advent-2024-1024x450.png 1024w, https:\/\/www.agriatv.hu\/wp-content\/uploads\/2024\/11\/Eger-Advent-2024-300x132.png 300w, https:\/\/www.agriatv.hu\/wp-content\/uploads\/2024\/11\/Eger-Advent-2024-768x337.png 768w, https:\/\/www.agriatv.hu\/wp-content\/uploads\/2024\/11\/Eger-Advent-2024.png 1200w\" sizes=\"auto, (max-width: 1024px) 100vw, 1024px\" \/><\/a><\/figure>\n\n\n\n<p>Magyarorsz\u00e1g egyik legszebb kar\u00e1csonyi v\u00e1s\u00e1ra, az Eger Advent p\u00e9nteken veszi kezdet\u00e9t, mely minden eddigin\u00e9l szebb, f\u00e9nyesebb dekor\u00e1ci\u00f3val, egyed\u00fcl\u00e1ll\u00f3 programk\u00edn\u00e1lattal v\u00e1rja az egrieket \u00e9s a v\u00e1rosunkba \u00e9rkez\u0151 turist\u00e1kat.<\/p>\n<\/div>\n\n\n\n<p>November 29-\u00e9n, p\u00e9nteken 17:00 \u00f3rakor V\u00e1gner \u00c1kos, Eger polg\u00e1rmestere \u00fcnnep\u00e9lyes keretek k\u00f6zt megnyitja a n\u00e9gy h\u00e9tv\u00e9g\u00e9n \u00e1t tart\u00f3 kar\u00e1csonyi v\u00e1s\u00e1rt. Egyszerre gy\u00falnak fel a v\u00e1ros \u00fcnnepei f\u00e9nyei, k\u00f6zt\u00fck a rekord magass\u00e1g\u00fa kar\u00e1csonyf\u00e1n is, mely id\u00e9n Ostorosr\u00f3l \u00e9rkezett a Dob\u00f3 t\u00e9rre. A f\u00e1n 500 d\u00edsz \u00e9s t\u00f6bb sz\u00e1z m\u00e9ter f\u00e9nyf\u00fcz\u00e9r ragyog majd, \u00edgy ez lesz a valaha volt legpazarabb kar\u00e1csonyfa, amit a v\u00e1ros l\u00e1tott. A grandi\u00f3zus d\u00edszkivil\u00e1g\u00edt\u00e1s mellett t\u00f6bb, m\u00e1r ismert szelfipont is megtal\u00e1lhat\u00f3 a t\u00e9ren: \u00fagy, mint az angyalsz\u00e1rny, a sz\u00e1n, illetve a csod\u00e1latos g\u00f6mb a t\u00e9r k\u00f6zep\u00e9n. Elmaradhatatlan az Eger Advent \u00e9ke, a gyerekek kedvence, a barokk k\u00f6rhinta, mely id\u00e9n szint\u00e9n j\u00f3val nagyobb, 8 m\u00e9ter \u00e1tm\u00e9r\u0151j\u0171 lesz.<\/p>\n\n\n\n<p>A v\u00e1s\u00e1rban a tradicion\u00e1lis \u00fcnnepi \u00e9telek mellett, megjelennek a modern gasztron\u00f3mia elemei is: krumplil\u00e1ngos, k\u00fcrt\u0151skal\u00e1cs, minif\u00e1nk, kocsonya, \u00ednycsiklandoz\u00f3 s\u00fcltek mellett, hamburgereket, churrost \u00e9s s\u00fctem\u00e9nyeket is k\u00edn\u00e1lnak a ki\u00e1ll\u00edt\u00f3k.&nbsp; Az egri borvid\u00e9k ismert \u00e9s elismert bor\u00e1szai a legjobb ned\u0171ikb\u0151l k\u00e9sz\u00fclt forralt boraikkal v\u00e1rj\u00e1k a l\u00e1togat\u00f3kat. Megtal\u00e1lhat\u00f3 t\u00f6bbek k\u00f6z\u00f6tt a Juh\u00e1sz Testv\u00e9rek Pinc\u00e9szete, Varga Pinc\u00e9szet, Petr\u00e9ny Winery \u00e9s Thummerer Pinc\u00e9szet fah\u00e1za is a Dob\u00f3 t\u00e9ren. A borok mellett term\u00e9szetesen kaphat\u00f3 puncs, tea, sz\u00f6rp \u00e9s forr\u00f3 csoki is.<\/p>\n\n\n\n<p>A tizenk\u00e9t k\u00e9zm\u0171ves \u00e1rus k\u00fcl\u00f6nleges aj\u00e1nd\u00e9k\u00f6tletekkel k\u00e9sz\u00fcl: csod\u00e1s kar\u00e1csonyfad\u00edszek, f\u00e1b\u00f3l, b\u0151rb\u0151l \u00e9s sz\u0151rm\u00e9b\u0151l k\u00e9sz\u00fclt aj\u00e1nd\u00e9kt\u00e1rgyak \u00e9s \u00e9des, s\u00f3s, cs\u00edp\u0151s finoms\u00e1gok k\u00f6z\u00fcl v\u00e1logathatunk.<\/p>\n\n\n\n<p><strong>Az Eger Advent els\u0151 h\u00e9tv\u00e9g\u00e9j\u00e9nek programja:<\/strong><strong><\/strong><\/p>\n\n\n\n<p>A megnyit\u00f3 \u00fcnneps\u00e9get k\u00f6vet\u0151en, 17:30-t\u00f3l fell\u00e9p az <strong>Andante Kamarak\u00f3rus<\/strong>. A vegyeskari form\u00e1ci\u00f3nak sz\u00e1mtalan fell\u00e9p\u00e9se volt m\u00e1r hazai v\u00e1rosokban \u00e9s a szomsz\u00e9dos orsz\u00e1gokban is. Csod\u00e1latos \u00e9nek\u00fck meghitt hangulatot var\u00e1zsol a t\u00e9rre. P\u00e9ntek este 19:30-t\u00f3l <strong>Sz\u0171cs Gabi Quinte<\/strong>t adventi m\u0171sora z\u00e1rja a programot. Sz\u0171cs Gabi, Fonogram-d\u00edjas \u00e9nekesn\u0151 megannyi ismert kar\u00e1csonyi sl\u00e1gerrel \u00e9rkezik az Eger Advent sz\u00ednpad\u00e1ra. M\u0171sor\u00e1ban Ella Fitzgerald, Dean Martin, Nat King Cole, Bing Crosby dalaival csod\u00e1latos l\u00e9gk\u00f6rt termet.<\/p>\n\n\n\n<figure class=\"wp-block-image size-large is-resized\"><a href=\"https:\/\/www.agriatv.hu\/wp-content\/uploads\/2024\/11\/Szucs-Gabi.jpg\"><img loading=\"lazy\" decoding=\"async\" width=\"1024\" height=\"450\" src=\"https:\/\/www.agriatv.hu\/wp-content\/uploads\/2024\/11\/Szucs-Gabi-1024x450.jpg\" alt=\"\" class=\"wp-image-25167\" style=\"width:614px;height:auto\" srcset=\"https:\/\/www.agriatv.hu\/wp-content\/uploads\/2024\/11\/Szucs-Gabi-1024x450.jpg 1024w, https:\/\/www.agriatv.hu\/wp-content\/uploads\/2024\/11\/Szucs-Gabi-300x132.jpg 300w, https:\/\/www.agriatv.hu\/wp-content\/uploads\/2024\/11\/Szucs-Gabi-768x337.jpg 768w, https:\/\/www.agriatv.hu\/wp-content\/uploads\/2024\/11\/Szucs-Gabi-1536x674.jpg 1536w, https:\/\/www.agriatv.hu\/wp-content\/uploads\/2024\/11\/Szucs-Gabi.jpg 2000w\" sizes=\"auto, (max-width: 1024px) 100vw, 1024px\" \/><\/a><\/figure>\n\n\n\n<p>A h\u00e9tv\u00e9ge tov\u00e1bbi r\u00e9sz\u00e9ben sem maradunk programok n\u00e9lk\u00fcl, hiszen november utols\u00f3 napj\u00e1n, szombaton 17:30-t\u00f3l a <strong>Snidero Quartet <\/strong>v\u00e1rja a k\u00f6z\u00f6ns\u00e9get, akik f\u0151leg a 60-as 70-es \u00e9vek ismert jazz el\u0151ad\u00f3inak feldolgoz\u00e1saib\u00f3l v\u00e1logattak, majd 19:00 \u00f3r\u00e1t\u00f3l <strong>Szab\u00f3 Attila \u00e9s Bar\u00e1tai <\/strong>l\u00e9pnek sz\u00ednpadra. Az egy\u00fcttes a Cs\u00edk zenekarb\u00f3l ismert feldolgoz\u00e1sok mellett saj\u00e1t dalokat is hoznak.<\/p>\n\n\n\n<figure class=\"wp-block-image size-large is-resized\"><a href=\"https:\/\/www.agriatv.hu\/wp-content\/uploads\/2024\/11\/Szabo-Attila.jpg\"><img loading=\"lazy\" decoding=\"async\" width=\"1024\" height=\"450\" src=\"https:\/\/www.agriatv.hu\/wp-content\/uploads\/2024\/11\/Szabo-Attila-1024x450.jpg\" alt=\"\" class=\"wp-image-25165\" style=\"width:622px;height:auto\" srcset=\"https:\/\/www.agriatv.hu\/wp-content\/uploads\/2024\/11\/Szabo-Attila-1024x450.jpg 1024w, https:\/\/www.agriatv.hu\/wp-content\/uploads\/2024\/11\/Szabo-Attila-300x132.jpg 300w, https:\/\/www.agriatv.hu\/wp-content\/uploads\/2024\/11\/Szabo-Attila-768x337.jpg 768w, https:\/\/www.agriatv.hu\/wp-content\/uploads\/2024\/11\/Szabo-Attila-1536x674.jpg 1536w, https:\/\/www.agriatv.hu\/wp-content\/uploads\/2024\/11\/Szabo-Attila.jpg 2000w\" sizes=\"auto, (max-width: 1024px) 100vw, 1024px\" \/><\/a><\/figure>\n\n\n\n<p>Advent els\u0151 vas\u00e1rnapj\u00e1n, 16:00 \u00f3rakor <strong>fellobban az els\u0151 gyertya l\u00e1ngja<\/strong>, a Hit gyerty\u00e1ja. Az adventi koszor\u00fat meg\u00e1ldja: Csizmadia Istv\u00e1n, bazilikai pl\u00e9b\u00e1nos. Adventi gondolatokat hallhatunk, \u00e9s a koszor\u00fat meg\u00e1ldj\u00e1k a t\u00f6rt\u00e9nelmi egyh\u00e1zak k\u00e9pvisel\u0151i: T\u00f3th Imre, az Egri Reform\u00e1tus Gy\u00fclekezet lelk\u00e9sze, Aklan B\u00e9la S\u00e1ndor, Evang\u00e9likus Lelk\u00e9szi Hivatal lelk\u00e9sze. Ismert pop, soul, funky dalokkal ind\u00edtja az est\u00e9t 17:00-kor <strong>Gyuris Luca Akusztik<\/strong>, majd sok \u00e9v kihagy\u00e1s ut\u00e1n, ism\u00e9t egri sz\u00ednpadon a <strong>Kerekes Band<\/strong>! A csapat &#8211; a kar\u00e1csony jegy\u00e9ben &#8211; meglepet\u00e9ssel is k\u00e9sz\u00fcl, hiszen vend\u00e9g\u00fcl h\u00edvt\u00e1k az X-Faktor m\u00e1sodik sz\u00e9ri\u00e1j\u00e1b\u00f3l is ismert Baricz Gerg\u0151t.<\/p>\n\n\n\n<figure class=\"wp-block-image size-large is-resized\"><a href=\"https:\/\/www.agriatv.hu\/wp-content\/uploads\/2024\/11\/Kerekes-Band.jpg\"><img loading=\"lazy\" decoding=\"async\" width=\"1024\" height=\"450\" src=\"https:\/\/www.agriatv.hu\/wp-content\/uploads\/2024\/11\/Kerekes-Band-1024x450.jpg\" alt=\"\" class=\"wp-image-25166\" style=\"width:633px;height:auto\" srcset=\"https:\/\/www.agriatv.hu\/wp-content\/uploads\/2024\/11\/Kerekes-Band-1024x450.jpg 1024w, https:\/\/www.agriatv.hu\/wp-content\/uploads\/2024\/11\/Kerekes-Band-300x132.jpg 300w, https:\/\/www.agriatv.hu\/wp-content\/uploads\/2024\/11\/Kerekes-Band-768x337.jpg 768w, https:\/\/www.agriatv.hu\/wp-content\/uploads\/2024\/11\/Kerekes-Band-1536x674.jpg 1536w, https:\/\/www.agriatv.hu\/wp-content\/uploads\/2024\/11\/Kerekes-Band.jpg 2000w\" sizes=\"auto, (max-width: 1024px) 100vw, 1024px\" \/><\/a><\/figure>\n\n\n\n<p><strong>Az Eger Advent nyitvatart\u00e1sa:<\/strong><\/p>\n\n\n\n<p>K\u00f6rhinta:<\/p>\n\n\n\n<p>H\u00e9tf\u0151t\u0151l-P\u00e9ntekig 15:00-19:00, Szombat-Vas\u00e1rnap 11:00-20:00<\/p>\n\n\n\n<p>K\u00e9zm\u0171ves \u00e1rusok:<\/p>\n\n\n\n<p>H\u00e9tf\u0151t\u0151l-Szerd\u00e1ig 14:00-18:00, Cs\u00fct\u00f6rt\u00f6k 14:00-19:00, P\u00e9ntek-Szombat 14:00-20:00, Vas\u00e1rnap 14:00-18:00<\/p>\n\n\n\n<p>Vend\u00e9gl\u00e1t\u00f3sok<\/p>\n\n\n\n<p>H\u00e9tf\u0151-Szerda 14:00-20:00, Cs\u00fct\u00f6rt\u00f6k 14:00-21:00, P\u00e9ntek-Szombat 14:00-22:00, Vas\u00e1rnap 14:00-20:00<\/p>\n","protected":false},"excerpt":{"rendered":"<p>Magyarorsz\u00e1g egyik legszebb kar\u00e1csonyi v\u00e1s\u00e1ra, az Eger Advent p\u00e9nteken veszi kezdet\u00e9t, mely minden eddigin\u00e9l szebb, f\u00e9nyesebb dekor\u00e1ci\u00f3val, egyed\u00fcl\u00e1ll\u00f3 programk\u00edn\u00e1lattal v\u00e1rja az egrieket \u00e9s a v\u00e1rosunkba \u00e9rkez\u0151 turist\u00e1kat.<\/p>\n<p>November 29-\u00e9n, p\u00e9nteken 17:00 \u00f3rakor V\u00e1gner \u00c1kos, Eger polg\u00e1rmestere \u00fcnnep\u00e9lyes keretek k\u00f6zt megnyitja a n\u00e9gy h\u00e9tv\u00e9g\u00e9n \u00e1t tart\u00f3 kar\u00e1csonyi v\u00e1s\u00e1rt. Egyszerre gy\u00falnak fel a v\u00e1ros \u00fcnnepei f\u00e9nyei, k\u00f6zt\u00fck a [&#8230;]<\/p>\n","protected":false},"author":4,"featured_media":0,"comment_status":"open","ping_status":"closed","sticky":false,"template":"","format":"standard","meta":{"footnotes":""},"categories":[6,4],"tags":[659,1547,46,36,4397,47,348,389,3600],"class_list":["post-25163","post","type-post","status-publish","format-standard","hentry","category-belfold","category-szabadido","tag-advent","tag-ajandek","tag-dobo-ter","tag-eger","tag-etelek","tag-feny","tag-koncert","tag-program","tag-vasar"],"_links":{"self":[{"href":"https:\/\/www.agriatv.hu\/index.php?rest_route=\/wp\/v2\/posts\/25163","targetHints":{"allow":["GET"]}}],"collection":[{"href":"https:\/\/www.agriatv.hu\/index.php?rest_route=\/wp\/v2\/posts"}],"about":[{"href":"https:\/\/www.agriatv.hu\/index.php?rest_route=\/wp\/v2\/types\/post"}],"author":[{"embeddable":true,"href":"https:\/\/www.agriatv.hu\/index.php?rest_route=\/wp\/v2\/users\/4"}],"replies":[{"embeddable":true,"href":"https:\/\/www.agriatv.hu\/index.php?rest_route=%2Fwp%2Fv2%2Fcomments&post=25163"}],"version-history":[{"count":1,"href":"https:\/\/www.agriatv.hu\/index.php?rest_route=\/wp\/v2\/posts\/25163\/revisions"}],"predecessor-version":[{"id":25168,"href":"https:\/\/www.agriatv.hu\/index.php?rest_route=\/wp\/v2\/posts\/25163\/revisions\/25168"}],"wp:attachment":[{"href":"https:\/\/www.agriatv.hu\/index.php?rest_route=%2Fwp%2Fv2%2Fmedia&parent=25163"}],"wp:term":[{"taxonomy":"category","embeddable":true,"href":"https:\/\/www.agriatv.hu\/index.php?rest_route=%2Fwp%2Fv2%2Fcategories&post=25163"},{"taxonomy":"post_tag","embeddable":true,"href":"https:\/\/www.agriatv.hu\/index.php?rest_route=%2Fwp%2Fv2%2Ftags&post=25163"}],"curies":[{"name":"wp","href":"https:\/\/api.w.org\/{rel}","templated":true}]}}