{"id":25169,"date":"2024-11-28T22:50:49","date_gmt":"2024-11-28T22:50:49","guid":{"rendered":"https:\/\/www.agriatv.hu\/?p=25169"},"modified":"2024-11-28T22:50:50","modified_gmt":"2024-11-28T22:50:50","slug":"gazszallitoba-csapodott-a-kod-miatt","status":"publish","type":"post","link":"https:\/\/www.agriatv.hu\/?p=25169","title":{"rendered":"G\u00e1zsz\u00e1ll\u00edt\u00f3ba csap\u00f3dott a k\u00f6d miatt"},"content":{"rendered":"<div class=\"wp-block-image\">\n<figure class=\"alignleft is-resized\"><img decoding=\"async\" src=\"https:\/\/cdn.tenyek.hu\/media\/0\/09\/098ec265327a054b45d83337ab4ae2f6.jpg\" alt=\"Media player poster frame\" style=\"width:224px;height:auto\"\/><\/figure>\n<\/div>\n\n\n<p>G\u00e1zsz\u00e1ll\u00edt\u00f3 tart\u00e1lykocsiba csap\u00f3dott egy kisbusz cs\u00fct\u00f6rt\u00f6k reggel Beseny\u0151telek k\u00f6zel\u00e9ben. Hatalmas volt a k\u00f6d az utakon, a sof\u0151r pedig nem vette \u00e9szre, hogy meg\u00e1llt el\u0151tte a kamion \u00e9s belerohant. A becsap\u00f3d\u00e1s olyan erej\u0171 volt, hogy a kisbusz az oldal\u00e1ra borult, a furgon sof\u0151rje s\u00falyosan megs\u00e9r\u00fclt, \u0151t elvitt\u00e9k a ment\u0151k. A t\u0171zolt\u00f3k k\u00f6zben 50 m\u00e9teres k\u00f6rzetben lez\u00e1rt\u00e1k a baleset k\u00f6rny\u00e9k\u00e9t a g\u00e1z miatt, v\u00e9g\u00fcl nem ker\u00fclt vesz\u00e9lyes anyag a leveg\u0151be.<\/p>\n\n\n\n<div style=\"width: 100%; aspect-ratio: 16\/9; position: relative;\"><iframe src=\"https:\/\/tenyek.hu\/embed\/53287_gazszallitoba-csapodott-a-kod-miatt?autoplay=0\" frameborder=\"0\" allow=\"fullscreen; encrypted-media; autoplay\" style=\"width: 100%; height: 100%; position: absolute;\"><\/iframe><\/div>\n","protected":false},"excerpt":{"rendered":"<p>G\u00e1zsz\u00e1ll\u00edt\u00f3 tart\u00e1lykocsiba csap\u00f3dott egy kisbusz cs\u00fct\u00f6rt\u00f6k reggel Beseny\u0151telek k\u00f6zel\u00e9ben. Hatalmas volt a k\u00f6d az utakon, a sof\u0151r pedig nem vette \u00e9szre, hogy meg\u00e1llt el\u0151tte a kamion \u00e9s belerohant. A becsap\u00f3d\u00e1s olyan erej\u0171 volt, hogy a kisbusz az oldal\u00e1ra borult, a furgon sof\u0151rje s\u00falyosan megs\u00e9r\u00fclt, \u0151t elvitt\u00e9k a ment\u0151k. A t\u0171zolt\u00f3k k\u00f6zben 50 m\u00e9teres k\u00f6rzetben lez\u00e1rt\u00e1k [&#8230;]<\/p>\n","protected":false},"author":4,"featured_media":0,"comment_status":"open","ping_status":"closed","sticky":false,"template":"","format":"standard","meta":{"footnotes":""},"categories":[5],"tags":[41,1128,2114,2592,380,458,3162],"class_list":["post-25169","post","type-post","status-publish","format-standard","hentry","category-kek-hirek","tag-baleset","tag-gaz","tag-kisbusz","tag-kod","tag-mento","tag-serult","tag-tartalykocsi"],"_links":{"self":[{"href":"https:\/\/www.agriatv.hu\/index.php?rest_route=\/wp\/v2\/posts\/25169","targetHints":{"allow":["GET"]}}],"collection":[{"href":"https:\/\/www.agriatv.hu\/index.php?rest_route=\/wp\/v2\/posts"}],"about":[{"href":"https:\/\/www.agriatv.hu\/index.php?rest_route=\/wp\/v2\/types\/post"}],"author":[{"embeddable":true,"href":"https:\/\/www.agriatv.hu\/index.php?rest_route=\/wp\/v2\/users\/4"}],"replies":[{"embeddable":true,"href":"https:\/\/www.agriatv.hu\/index.php?rest_route=%2Fwp%2Fv2%2Fcomments&post=25169"}],"version-history":[{"count":1,"href":"https:\/\/www.agriatv.hu\/index.php?rest_route=\/wp\/v2\/posts\/25169\/revisions"}],"predecessor-version":[{"id":25170,"href":"https:\/\/www.agriatv.hu\/index.php?rest_route=\/wp\/v2\/posts\/25169\/revisions\/25170"}],"wp:attachment":[{"href":"https:\/\/www.agriatv.hu\/index.php?rest_route=%2Fwp%2Fv2%2Fmedia&parent=25169"}],"wp:term":[{"taxonomy":"category","embeddable":true,"href":"https:\/\/www.agriatv.hu\/index.php?rest_route=%2Fwp%2Fv2%2Fcategories&post=25169"},{"taxonomy":"post_tag","embeddable":true,"href":"https:\/\/www.agriatv.hu\/index.php?rest_route=%2Fwp%2Fv2%2Ftags&post=25169"}],"curies":[{"name":"wp","href":"https:\/\/api.w.org\/{rel}","templated":true}]}}