{"id":25192,"date":"2024-12-25T18:49:02","date_gmt":"2024-12-25T18:49:02","guid":{"rendered":"https:\/\/www.agriatv.hu\/?p=25192"},"modified":"2024-12-25T18:49:03","modified_gmt":"2024-12-25T18:49:03","slug":"17-oran-at-nem-volt-aram-szenteste","status":"publish","type":"post","link":"https:\/\/www.agriatv.hu\/?p=25192","title":{"rendered":"17 \u00f3r\u00e1n \u00e1t nem volt \u00e1ram szenteste"},"content":{"rendered":"<div class=\"wp-block-image\">\n<figure class=\"alignleft is-resized\"><img decoding=\"async\" src=\"https:\/\/cdn.tenyek.hu\/media\/8\/8f\/8f2677fdf3af39425cec79c04e92a4ae.jpg\" alt=\"Media player poster frame\" style=\"width:211px;height:auto\"\/><\/figure>\n<\/div>\n\n\n<p>Rengeteg telep\u00fcl\u00e9sen volt \u00e1ramsz\u00fcnet szenteste napj\u00e1n a hatalmas sz\u00e9ll\u00f6k\u00e9sek miatt. A vihar sok helyen f\u00e1kat csavart ki, amelyek magukkal r\u00e1ntott\u00e1k a villanyvezet\u00e9keket. Volt, ahol 17 \u00f3r\u00e1n \u00e1t nem volt \u00e1ram, ami persze teljesen t\u00f6nkretette az \u00fcnnepi k\u00e9sz\u00fcl\u0151d\u00e9st. A szolg\u00e1ltat\u00f3k folyamatosan dolgoznak a helyre\u00e1ll\u00edt\u00e1son.<\/p>\n\n\n\n<div style=\"width: 100%; aspect-ratio: 16\/9; position: relative;\"><iframe src=\"https:\/\/tenyek.hu\/embed\/54158_17-oran-at-nem-volt-aram-szenteste?autoplay=0\" frameborder=\"0\" allow=\"fullscreen; encrypted-media; autoplay\" style=\"width: 100%; height: 100%; position: absolute;\"><\/iframe><\/div>\n","protected":false},"excerpt":{"rendered":"<p>Rengeteg telep\u00fcl\u00e9sen volt \u00e1ramsz\u00fcnet szenteste napj\u00e1n a hatalmas sz\u00e9ll\u00f6k\u00e9sek miatt. A vihar sok helyen f\u00e1kat csavart ki, amelyek magukkal r\u00e1ntott\u00e1k a villanyvezet\u00e9keket. Volt, ahol 17 \u00f3r\u00e1n \u00e1t nem volt \u00e1ram, ami persze teljesen t\u00f6nkretette az \u00fcnnepi k\u00e9sz\u00fcl\u0151d\u00e9st. A szolg\u00e1ltat\u00f3k folyamatosan dolgoznak a helyre\u00e1ll\u00edt\u00e1son.<\/p>\n","protected":false},"author":4,"featured_media":0,"comment_status":"open","ping_status":"closed","sticky":false,"template":"","format":"standard","meta":{"footnotes":""},"categories":[6,4],"tags":[1541,4409,197,1500],"class_list":["post-25192","post","type-post","status-publish","format-standard","hentry","category-belfold","category-szabadido","tag-aramszunet","tag-keszulodes","tag-szel","tag-vezetek"],"_links":{"self":[{"href":"https:\/\/www.agriatv.hu\/index.php?rest_route=\/wp\/v2\/posts\/25192","targetHints":{"allow":["GET"]}}],"collection":[{"href":"https:\/\/www.agriatv.hu\/index.php?rest_route=\/wp\/v2\/posts"}],"about":[{"href":"https:\/\/www.agriatv.hu\/index.php?rest_route=\/wp\/v2\/types\/post"}],"author":[{"embeddable":true,"href":"https:\/\/www.agriatv.hu\/index.php?rest_route=\/wp\/v2\/users\/4"}],"replies":[{"embeddable":true,"href":"https:\/\/www.agriatv.hu\/index.php?rest_route=%2Fwp%2Fv2%2Fcomments&post=25192"}],"version-history":[{"count":1,"href":"https:\/\/www.agriatv.hu\/index.php?rest_route=\/wp\/v2\/posts\/25192\/revisions"}],"predecessor-version":[{"id":25193,"href":"https:\/\/www.agriatv.hu\/index.php?rest_route=\/wp\/v2\/posts\/25192\/revisions\/25193"}],"wp:attachment":[{"href":"https:\/\/www.agriatv.hu\/index.php?rest_route=%2Fwp%2Fv2%2Fmedia&parent=25192"}],"wp:term":[{"taxonomy":"category","embeddable":true,"href":"https:\/\/www.agriatv.hu\/index.php?rest_route=%2Fwp%2Fv2%2Fcategories&post=25192"},{"taxonomy":"post_tag","embeddable":true,"href":"https:\/\/www.agriatv.hu\/index.php?rest_route=%2Fwp%2Fv2%2Ftags&post=25192"}],"curies":[{"name":"wp","href":"https:\/\/api.w.org\/{rel}","templated":true}]}}