{"id":25194,"date":"2024-12-25T18:53:53","date_gmt":"2024-12-25T18:53:53","guid":{"rendered":"https:\/\/www.agriatv.hu\/?p=25194"},"modified":"2024-12-25T18:53:55","modified_gmt":"2024-12-25T18:53:55","slug":"felrobbant-a-konyhaja-meghalt-a-no","status":"publish","type":"post","link":"https:\/\/www.agriatv.hu\/?p=25194","title":{"rendered":"Felrobbant a konyh\u00e1ja, meghalt a n\u0151"},"content":{"rendered":"<div class=\"wp-block-image\">\n<figure class=\"alignleft is-resized\"><img decoding=\"async\" src=\"https:\/\/cdn.tenyek.hu\/media\/0\/06\/06e3780e5e70ab3c4c36dec3289c81d6.jpg\" alt=\"Media player poster frame\" style=\"width:226px;height:auto\"\/><\/figure>\n<\/div>\n\n\n<p>Felrobbant a g\u00e1zpalack a konyh\u00e1ban, meghalt egy id\u0151s asszony P\u00fcsp\u00f6klad\u00e1nyban. A szomsz\u00e9dok el\u0151sz\u00f6r azt hitt\u00e9k, valaki pet\u00e1rd\u00e1zik, kiszaladtak az utc\u00e1ra, akkor l\u00e1tt\u00e1k, hogy \u00e9g a h\u00e1z. Hajd\u00fab\u00f6sz\u00f6rm\u00e9nyben is felrobbant egy g\u00e1zpalack egy csal\u00e1di h\u00e1zban, miut\u00e1n a kandall\u00f3b\u00f3l kipattan\u00f3 szikra miatt kigyulladt az \u00e9p\u00fclet. A csal\u00e1d t\u00e9v\u00e9zett, a fi\u00fa vette \u00e9szre a t\u00fczet, az apa majdnem benn\u00e9gett, amikor visszament a kuty\u00e1k\u00e9rt. Nagyk\u00f6k\u00e9nyesen pedig egy k\u00e1v\u00e9f\u0151z\u0151 okozott t\u00fczet.<\/p>\n\n\n\n<div style=\"width: 100%; aspect-ratio: 16\/9; position: relative;\"><iframe src=\"https:\/\/tenyek.hu\/embed\/54156_felrobbant-a-konyhaja-meghalt-a-no?autoplay=0\" frameborder=\"0\" allow=\"fullscreen; encrypted-media; autoplay\" style=\"width: 100%; height: 100%; position: absolute;\"><\/iframe><\/div>\n","protected":false},"excerpt":{"rendered":"<p>Felrobbant a g\u00e1zpalack a konyh\u00e1ban, meghalt egy id\u0151s asszony P\u00fcsp\u00f6klad\u00e1nyban. A szomsz\u00e9dok el\u0151sz\u00f6r azt hitt\u00e9k, valaki pet\u00e1rd\u00e1zik, kiszaladtak az utc\u00e1ra, akkor l\u00e1tt\u00e1k, hogy \u00e9g a h\u00e1z. Hajd\u00fab\u00f6sz\u00f6rm\u00e9nyben is felrobbant egy g\u00e1zpalack egy csal\u00e1di h\u00e1zban, miut\u00e1n a kandall\u00f3b\u00f3l kipattan\u00f3 szikra miatt kigyulladt az \u00e9p\u00fclet. A csal\u00e1d t\u00e9v\u00e9zett, a fi\u00fa vette \u00e9szre a t\u00fczet, az apa majdnem [&#8230;]<\/p>\n","protected":false},"author":4,"featured_media":0,"comment_status":"open","ping_status":"closed","sticky":false,"template":"","format":"standard","meta":{"footnotes":""},"categories":[5],"tags":[4410,3953,484,161],"class_list":["post-25194","post","type-post","status-publish","format-standard","hentry","category-kek-hirek","tag-kavefozo","tag-nagykokenyes","tag-tuz","tag-tuzolto"],"_links":{"self":[{"href":"https:\/\/www.agriatv.hu\/index.php?rest_route=\/wp\/v2\/posts\/25194","targetHints":{"allow":["GET"]}}],"collection":[{"href":"https:\/\/www.agriatv.hu\/index.php?rest_route=\/wp\/v2\/posts"}],"about":[{"href":"https:\/\/www.agriatv.hu\/index.php?rest_route=\/wp\/v2\/types\/post"}],"author":[{"embeddable":true,"href":"https:\/\/www.agriatv.hu\/index.php?rest_route=\/wp\/v2\/users\/4"}],"replies":[{"embeddable":true,"href":"https:\/\/www.agriatv.hu\/index.php?rest_route=%2Fwp%2Fv2%2Fcomments&post=25194"}],"version-history":[{"count":1,"href":"https:\/\/www.agriatv.hu\/index.php?rest_route=\/wp\/v2\/posts\/25194\/revisions"}],"predecessor-version":[{"id":25195,"href":"https:\/\/www.agriatv.hu\/index.php?rest_route=\/wp\/v2\/posts\/25194\/revisions\/25195"}],"wp:attachment":[{"href":"https:\/\/www.agriatv.hu\/index.php?rest_route=%2Fwp%2Fv2%2Fmedia&parent=25194"}],"wp:term":[{"taxonomy":"category","embeddable":true,"href":"https:\/\/www.agriatv.hu\/index.php?rest_route=%2Fwp%2Fv2%2Fcategories&post=25194"},{"taxonomy":"post_tag","embeddable":true,"href":"https:\/\/www.agriatv.hu\/index.php?rest_route=%2Fwp%2Fv2%2Ftags&post=25194"}],"curies":[{"name":"wp","href":"https:\/\/api.w.org\/{rel}","templated":true}]}}