{"id":25222,"date":"2025-02-03T18:10:47","date_gmt":"2025-02-03T18:10:47","guid":{"rendered":"https:\/\/www.agriatv.hu\/?p=25222"},"modified":"2025-02-03T18:10:50","modified_gmt":"2025-02-03T18:10:50","slug":"20-eves-kezilabdas-halt-meg-a-balesetben","status":"publish","type":"post","link":"https:\/\/www.agriatv.hu\/?p=25222","title":{"rendered":"20 \u00e9ves k\u00e9zilabd\u00e1s halt meg a balesetben"},"content":{"rendered":"<div class=\"wp-block-image\">\n<figure class=\"alignleft is-resized\"><img decoding=\"async\" src=\"https:\/\/cdn.tenyek.hu\/media\/d\/d1\/d12b0e659b9af10e1588886c10f91104.jpg\" alt=\"Media player poster frame\" style=\"width:222px;height:auto\"\/><\/figure>\n<\/div>\n\n\n<p>Sz\u00f6rnyethalt egy 20 \u00e9ves f\u00e9rfi egy brut\u00e1lis balesetben h\u00e9tf\u0151 reggel Hatvann\u00e1l, a 32-es f\u0151\u00faton. A fiatal egy kisteheraut\u00f3 any\u00f3s\u00fcl\u00e9s\u00e9n utazott, 22 \u00e9ves ismer\u0151se vezetett, amikor a le\u00e1ll\u00f3s\u00e1vban v\u00e1rakoz\u00f3 kamionsorba csap\u00f3dtak akkora er\u0151vel, hogy szinte elt\u0171nt a furgon oldala, a fiatalnak es\u00e9lye sem volt, hogy t\u00fal\u00e9lje a balesetet. \u00dagy tudjuk, egy gy\u00f6ngy\u00f6si k\u00e9zilabdacsapatban j\u00e1tszott kapusk\u00e9nt, rengetegen gy\u00e1szolj\u00e1k.<\/p>\n\n\n\n<div style=\"width: 100%; aspect-ratio: 16\/9; position: relative;\"><iframe src=\"https:\/\/tenyek.hu\/embed\/55445_20-eves-kezilabdas-halt-meg-a-balesetben?autoplay=0\" frameborder=\"0\" allow=\"fullscreen; encrypted-media; autoplay\" style=\"width: 100%; height: 100%; position: absolute;\"><\/iframe><\/div>\n","protected":false},"excerpt":{"rendered":"<p>Sz\u00f6rnyethalt egy 20 \u00e9ves f\u00e9rfi egy brut\u00e1lis balesetben h\u00e9tf\u0151 reggel Hatvann\u00e1l, a 32-es f\u0151\u00faton. A fiatal egy kisteheraut\u00f3 any\u00f3s\u00fcl\u00e9s\u00e9n utazott, 22 \u00e9ves ismer\u0151se vezetett, amikor a le\u00e1ll\u00f3s\u00e1vban v\u00e1rakoz\u00f3 kamionsorba csap\u00f3dtak akkora er\u0151vel, hogy szinte elt\u0171nt a furgon oldala, a fiatalnak es\u00e9lye sem volt, hogy t\u00fal\u00e9lje a balesetet. \u00dagy tudjuk, egy gy\u00f6ngy\u00f6si k\u00e9zilabdacsapatban j\u00e1tszott kapusk\u00e9nt, rengetegen [&#8230;]<\/p>\n","protected":false},"author":4,"featured_media":0,"comment_status":"open","ping_status":"closed","sticky":false,"template":"","format":"standard","meta":{"footnotes":""},"categories":[5],"tags":[4418,41,1351,2391,875,122,885],"class_list":["post-25222","post","type-post","status-publish","format-standard","hentry","category-kek-hirek","tag-anyosules","tag-baleset","tag-fiatal","tag-havan","tag-kamion","tag-rendorseg","tag-sportolo"],"_links":{"self":[{"href":"https:\/\/www.agriatv.hu\/index.php?rest_route=\/wp\/v2\/posts\/25222","targetHints":{"allow":["GET"]}}],"collection":[{"href":"https:\/\/www.agriatv.hu\/index.php?rest_route=\/wp\/v2\/posts"}],"about":[{"href":"https:\/\/www.agriatv.hu\/index.php?rest_route=\/wp\/v2\/types\/post"}],"author":[{"embeddable":true,"href":"https:\/\/www.agriatv.hu\/index.php?rest_route=\/wp\/v2\/users\/4"}],"replies":[{"embeddable":true,"href":"https:\/\/www.agriatv.hu\/index.php?rest_route=%2Fwp%2Fv2%2Fcomments&post=25222"}],"version-history":[{"count":2,"href":"https:\/\/www.agriatv.hu\/index.php?rest_route=\/wp\/v2\/posts\/25222\/revisions"}],"predecessor-version":[{"id":25227,"href":"https:\/\/www.agriatv.hu\/index.php?rest_route=\/wp\/v2\/posts\/25222\/revisions\/25227"}],"wp:attachment":[{"href":"https:\/\/www.agriatv.hu\/index.php?rest_route=%2Fwp%2Fv2%2Fmedia&parent=25222"}],"wp:term":[{"taxonomy":"category","embeddable":true,"href":"https:\/\/www.agriatv.hu\/index.php?rest_route=%2Fwp%2Fv2%2Fcategories&post=25222"},{"taxonomy":"post_tag","embeddable":true,"href":"https:\/\/www.agriatv.hu\/index.php?rest_route=%2Fwp%2Fv2%2Ftags&post=25222"}],"curies":[{"name":"wp","href":"https:\/\/api.w.org\/{rel}","templated":true}]}}