{"id":25271,"date":"2025-03-11T18:09:08","date_gmt":"2025-03-11T18:09:08","guid":{"rendered":"https:\/\/www.agriatv.hu\/?p=25271"},"modified":"2025-03-11T18:09:12","modified_gmt":"2025-03-11T18:09:12","slug":"furgonnal-utkozott-meghalt-a-no","status":"publish","type":"post","link":"https:\/\/www.agriatv.hu\/?p=25271","title":{"rendered":"Furgonnal \u00fctk\u00f6z\u00f6tt, meghalt a n\u0151"},"content":{"rendered":"<div class=\"wp-block-image\">\n<figure class=\"alignleft is-resized\"><img decoding=\"async\" src=\"https:\/\/cdn.tenyek.hu\/media\/5\/52\/5202a264860952801038e52ddc518c34.jpg\" alt=\"Media player poster frame\" style=\"width:216px;height:auto\"\/><\/figure>\n<\/div>\n\n\n<p>Meghalt egy 46 \u00e9ves n\u0151, miut\u00e1n f\u00e9lfront\u00e1lisan \u00fctk\u00f6z\u00f6tt egy furgonnal h\u00e9tf\u0151n este N\u00f3gr\u00e1d v\u00e1rmegy\u00e9ben, B\u00e1tonytereny\u00e9n. Nemti fel\u0151l ment a v\u00e9tkes sof\u0151r, amikor egy enyhe jobb kanyarban \u00e1tt\u00e9rt a szembe s\u00e1vba, ekkor csap\u00f3dott az \u00e1rusz\u00e1ll\u00edt\u00f3nak. A g\u00e1zpalackokat sz\u00e1ll\u00edt\u00f3 furgon sof\u0151rje hazafel\u00e9 tartott, ha nem lett volna \u00fcres a csomagtere, m\u00e9g nagyobb trag\u00e9dia is t\u00f6rt\u00e9nhetett volna. A f\u00e9rfit k\u00f3rh\u00e1zba vitt\u00e9k.<\/p>\n\n\n\n<div style=\"width: 100%; aspect-ratio: 16\/9; position: relative;\"><iframe src=\"https:\/\/tenyek.hu\/embed\/56668_furgonnal-utkozott-meghalt-a-no?autoplay=0\" frameborder=\"0\" allow=\"fullscreen; encrypted-media; autoplay\" style=\"width: 100%; height: 100%; position: absolute;\"><\/iframe><\/div>\n","protected":false},"excerpt":{"rendered":"<p>Meghalt egy 46 \u00e9ves n\u0151, miut\u00e1n f\u00e9lfront\u00e1lisan \u00fctk\u00f6z\u00f6tt egy furgonnal h\u00e9tf\u0151n este N\u00f3gr\u00e1d v\u00e1rmegy\u00e9ben, B\u00e1tonytereny\u00e9n. Nemti fel\u0151l ment a v\u00e9tkes sof\u0151r, amikor egy enyhe jobb kanyarban \u00e1tt\u00e9rt a szembe s\u00e1vba, ekkor csap\u00f3dott az \u00e1rusz\u00e1ll\u00edt\u00f3nak. A g\u00e1zpalackokat sz\u00e1ll\u00edt\u00f3 furgon sof\u0151rje hazafel\u00e9 tartott, ha nem lett volna \u00fcres a csomagtere, m\u00e9g nagyobb trag\u00e9dia is t\u00f6rt\u00e9nhetett volna. A [&#8230;]<\/p>\n","protected":false},"author":4,"featured_media":0,"comment_status":"open","ping_status":"closed","sticky":false,"template":"","format":"standard","meta":{"footnotes":""},"categories":[5],"tags":[1085,41,380,4433],"class_list":["post-25271","post","type-post","status-publish","format-standard","hentry","category-kek-hirek","tag-auto","tag-baleset","tag-mento","tag-utkozott"],"_links":{"self":[{"href":"https:\/\/www.agriatv.hu\/index.php?rest_route=\/wp\/v2\/posts\/25271","targetHints":{"allow":["GET"]}}],"collection":[{"href":"https:\/\/www.agriatv.hu\/index.php?rest_route=\/wp\/v2\/posts"}],"about":[{"href":"https:\/\/www.agriatv.hu\/index.php?rest_route=\/wp\/v2\/types\/post"}],"author":[{"embeddable":true,"href":"https:\/\/www.agriatv.hu\/index.php?rest_route=\/wp\/v2\/users\/4"}],"replies":[{"embeddable":true,"href":"https:\/\/www.agriatv.hu\/index.php?rest_route=%2Fwp%2Fv2%2Fcomments&post=25271"}],"version-history":[{"count":1,"href":"https:\/\/www.agriatv.hu\/index.php?rest_route=\/wp\/v2\/posts\/25271\/revisions"}],"predecessor-version":[{"id":25272,"href":"https:\/\/www.agriatv.hu\/index.php?rest_route=\/wp\/v2\/posts\/25271\/revisions\/25272"}],"wp:attachment":[{"href":"https:\/\/www.agriatv.hu\/index.php?rest_route=%2Fwp%2Fv2%2Fmedia&parent=25271"}],"wp:term":[{"taxonomy":"category","embeddable":true,"href":"https:\/\/www.agriatv.hu\/index.php?rest_route=%2Fwp%2Fv2%2Fcategories&post=25271"},{"taxonomy":"post_tag","embeddable":true,"href":"https:\/\/www.agriatv.hu\/index.php?rest_route=%2Fwp%2Fv2%2Ftags&post=25271"}],"curies":[{"name":"wp","href":"https:\/\/api.w.org\/{rel}","templated":true}]}}