{"id":25342,"date":"2025-04-16T16:39:22","date_gmt":"2025-04-16T16:39:22","guid":{"rendered":"https:\/\/www.agriatv.hu\/?p=25342"},"modified":"2025-04-16T16:39:24","modified_gmt":"2025-04-16T16:39:24","slug":"kivegezte-lanyait-a-horrorapa-eliteltek","status":"publish","type":"post","link":"https:\/\/www.agriatv.hu\/?p=25342","title":{"rendered":"Kiv\u00e9gezte l\u00e1nyait a horrorapa, el\u00edt\u00e9lt\u00e9k"},"content":{"rendered":"<div class=\"wp-block-image\">\n<figure class=\"alignleft is-resized\"><img decoding=\"async\" src=\"https:\/\/cdn.tenyek.hu\/media\/5\/5b\/5ba03e7e3fd79d1ec008783c806a5b18.jpg\" alt=\"Media player poster frame\" style=\"width:187px;height:auto\"\/><\/figure>\n<\/div>\n\n\n<p>Agyonverte, majd el\u00e1sta nevelt l\u00e1nyai holttest\u00e9t a di\u00f3sjen\u0151i horrorapa. A kegyetlen gyilkoss\u00e1gok m\u00e9g 16 \u00e9vvel ezel\u0151tt t\u00f6rt\u00e9ntek, a f\u00e9rfi r\u00e1ad\u00e1sul rendszeresen szexelt az \u00e1ldozatokkal, s\u0151t az egyik\u00fck terhes volt a gyilkoss\u00e1g idej\u00e9n. A nevel\u0151ap\u00e1t most \u00edt\u00e9lte el a b\u00edr\u00f3s\u00e1g. De nemcsak \u0151t, hanem a l\u00e1nyok \u00e9desanyj\u00e1t is, aki v\u00e9gig tudott mindenr\u0151l, s\u0151t seg\u00edtett el\u00e1sni a holttesteket is. A t\u00e1rgyal\u00f3teremben forrtak az indulatok, a v\u00e1dlottak egym\u00e1snak estek.<\/p>\n\n\n\n<div style=\"width: 100%; aspect-ratio: 16\/9; position: relative;\"><iframe src=\"https:\/\/tenyek.hu\/embed\/57867_kivegezte-lanyait-a-horrorapa-eliteltek?autoplay=0\" frameborder=\"0\" allow=\"fullscreen; encrypted-media; autoplay\" style=\"width: 100%; height: 100%; position: absolute;\"><\/iframe><\/div>\n","protected":false},"excerpt":{"rendered":"<p>Agyonverte, majd el\u00e1sta nevelt l\u00e1nyai holttest\u00e9t a di\u00f3sjen\u0151i horrorapa. A kegyetlen gyilkoss\u00e1gok m\u00e9g 16 \u00e9vvel ezel\u0151tt t\u00f6rt\u00e9ntek, a f\u00e9rfi r\u00e1ad\u00e1sul rendszeresen szexelt az \u00e1ldozatokkal, s\u0151t az egyik\u00fck terhes volt a gyilkoss\u00e1g idej\u00e9n. A nevel\u0151ap\u00e1t most \u00edt\u00e9lte el a b\u00edr\u00f3s\u00e1g. De nemcsak \u0151t, hanem a l\u00e1nyok \u00e9desanyj\u00e1t is, aki v\u00e9gig tudott mindenr\u0151l, s\u0151t seg\u00edtett el\u00e1sni a [&#8230;]<\/p>\n","protected":false},"author":4,"featured_media":0,"comment_status":"open","ping_status":"closed","sticky":false,"template":"","format":"standard","meta":{"footnotes":""},"categories":[5],"tags":[3234,1079,4456,2296,1707,2142],"class_list":["post-25342","post","type-post","status-publish","format-standard","hentry","category-kek-hirek","tag-diosjeno","tag-gyilkossag","tag-horrorapa","tag-itelet","tag-lany","tag-torvenyszek"],"_links":{"self":[{"href":"https:\/\/www.agriatv.hu\/index.php?rest_route=\/wp\/v2\/posts\/25342","targetHints":{"allow":["GET"]}}],"collection":[{"href":"https:\/\/www.agriatv.hu\/index.php?rest_route=\/wp\/v2\/posts"}],"about":[{"href":"https:\/\/www.agriatv.hu\/index.php?rest_route=\/wp\/v2\/types\/post"}],"author":[{"embeddable":true,"href":"https:\/\/www.agriatv.hu\/index.php?rest_route=\/wp\/v2\/users\/4"}],"replies":[{"embeddable":true,"href":"https:\/\/www.agriatv.hu\/index.php?rest_route=%2Fwp%2Fv2%2Fcomments&post=25342"}],"version-history":[{"count":2,"href":"https:\/\/www.agriatv.hu\/index.php?rest_route=\/wp\/v2\/posts\/25342\/revisions"}],"predecessor-version":[{"id":25344,"href":"https:\/\/www.agriatv.hu\/index.php?rest_route=\/wp\/v2\/posts\/25342\/revisions\/25344"}],"wp:attachment":[{"href":"https:\/\/www.agriatv.hu\/index.php?rest_route=%2Fwp%2Fv2%2Fmedia&parent=25342"}],"wp:term":[{"taxonomy":"category","embeddable":true,"href":"https:\/\/www.agriatv.hu\/index.php?rest_route=%2Fwp%2Fv2%2Fcategories&post=25342"},{"taxonomy":"post_tag","embeddable":true,"href":"https:\/\/www.agriatv.hu\/index.php?rest_route=%2Fwp%2Fv2%2Ftags&post=25342"}],"curies":[{"name":"wp","href":"https:\/\/api.w.org\/{rel}","templated":true}]}}