{"id":25437,"date":"2025-06-02T17:32:56","date_gmt":"2025-06-02T17:32:56","guid":{"rendered":"https:\/\/www.agriatv.hu\/?p=25437"},"modified":"2025-06-02T17:32:57","modified_gmt":"2025-06-02T17:32:57","slug":"tagadja-hogy-megolte-idos-parjat-a-no","status":"publish","type":"post","link":"https:\/\/www.agriatv.hu\/?p=25437","title":{"rendered":"Tagadja, hogy meg\u00f6lte id\u0151s p\u00e1rj\u00e1t a n\u0151"},"content":{"rendered":"<div class=\"wp-block-image\">\n<figure class=\"alignleft is-resized\"><img decoding=\"async\" src=\"https:\/\/cdn.tenyek.hu\/media\/b\/b7\/b76988511501b5d3902543d477180ffb.jpg\" alt=\"Media player poster frame\" style=\"width:252px;height:auto\"\/><\/figure>\n<\/div>\n\n\n<p>Kommand\u00f3sok fogt\u00e1k el J\u00e1szals\u00f3szentgy\u00f6rgy\u00f6n azt a 21 \u00e9ves l\u00e1nyt, aki a gyan\u00fa szerint t\u00f6bbsz\u00f6r nyakon \u00e9s h\u00e1tba sz\u00farta 64 \u00e9ves p\u00e1rj\u00e1t a n\u00e9metorsz\u00e1gi Sonneberg-ben. Ezut\u00e1n a v\u00e9res k\u00e9st h\u00e1trahagyva az \u00e9desanyj\u00e1hoz menek\u00fclt. A megt\u00f6rt asszony azt mondta a T\u00e9nyeknek, hogy Orsolya tagadja a gyilkoss\u00e1got \u00e9s nem egyezett bele az egyszer\u0171 kiadat\u00e1sba sem. \u00cdgy 30 napig m\u00e9g biztos Magyarorsz\u00e1gon marad.<\/p>\n\n\n\n<div style=\"width: 100%; aspect-ratio: 16\/9; position: relative;\"><iframe src=\"https:\/\/tenyek.hu\/embed\/59456_tagadja-hogy-megolte-idos-parjat-a-no?autoplay=0\" frameborder=\"0\" allow=\"fullscreen; encrypted-media; autoplay\" style=\"width: 100%; height: 100%; position: absolute;\"><\/iframe><\/div>\n","protected":false},"excerpt":{"rendered":"<p>Kommand\u00f3sok fogt\u00e1k el J\u00e1szals\u00f3szentgy\u00f6rgy\u00f6n azt a 21 \u00e9ves l\u00e1nyt, aki a gyan\u00fa szerint t\u00f6bbsz\u00f6r nyakon \u00e9s h\u00e1tba sz\u00farta 64 \u00e9ves p\u00e1rj\u00e1t a n\u00e9metorsz\u00e1gi Sonneberg-ben. Ezut\u00e1n a v\u00e9res k\u00e9st h\u00e1trahagyva az \u00e9desanyj\u00e1hoz menek\u00fclt. A megt\u00f6rt asszony azt mondta a T\u00e9nyeknek, hogy Orsolya tagadja a gyilkoss\u00e1got \u00e9s nem egyezett bele az egyszer\u0171 kiadat\u00e1sba sem. \u00cdgy 30 napig [&#8230;]<\/p>\n","protected":false},"author":4,"featured_media":0,"comment_status":"open","ping_status":"closed","sticky":false,"template":"","format":"standard","meta":{"footnotes":""},"categories":[5],"tags":[2082,1329,4472,1429,1707,4471],"class_list":["post-25437","post","type-post","status-publish","format-standard","hentry","category-kek-hirek","tag-emberoles","tag-kes","tag-kiadatas","tag-kommando","tag-lany","tag-sonneberg"],"_links":{"self":[{"href":"https:\/\/www.agriatv.hu\/index.php?rest_route=\/wp\/v2\/posts\/25437","targetHints":{"allow":["GET"]}}],"collection":[{"href":"https:\/\/www.agriatv.hu\/index.php?rest_route=\/wp\/v2\/posts"}],"about":[{"href":"https:\/\/www.agriatv.hu\/index.php?rest_route=\/wp\/v2\/types\/post"}],"author":[{"embeddable":true,"href":"https:\/\/www.agriatv.hu\/index.php?rest_route=\/wp\/v2\/users\/4"}],"replies":[{"embeddable":true,"href":"https:\/\/www.agriatv.hu\/index.php?rest_route=%2Fwp%2Fv2%2Fcomments&post=25437"}],"version-history":[{"count":1,"href":"https:\/\/www.agriatv.hu\/index.php?rest_route=\/wp\/v2\/posts\/25437\/revisions"}],"predecessor-version":[{"id":25438,"href":"https:\/\/www.agriatv.hu\/index.php?rest_route=\/wp\/v2\/posts\/25437\/revisions\/25438"}],"wp:attachment":[{"href":"https:\/\/www.agriatv.hu\/index.php?rest_route=%2Fwp%2Fv2%2Fmedia&parent=25437"}],"wp:term":[{"taxonomy":"category","embeddable":true,"href":"https:\/\/www.agriatv.hu\/index.php?rest_route=%2Fwp%2Fv2%2Fcategories&post=25437"},{"taxonomy":"post_tag","embeddable":true,"href":"https:\/\/www.agriatv.hu\/index.php?rest_route=%2Fwp%2Fv2%2Ftags&post=25437"}],"curies":[{"name":"wp","href":"https:\/\/api.w.org\/{rel}","templated":true}]}}