{"id":25440,"date":"2025-06-03T18:36:10","date_gmt":"2025-06-03T18:36:10","guid":{"rendered":"https:\/\/www.agriatv.hu\/?p=25440"},"modified":"2025-06-03T18:36:11","modified_gmt":"2025-06-03T18:36:11","slug":"nem-akar-nemetorszagba-menni-a-gyilkos","status":"publish","type":"post","link":"https:\/\/www.agriatv.hu\/?p=25440","title":{"rendered":"Nem akar N\u00e9metorsz\u00e1gba menni a gyilkos"},"content":{"rendered":"<div class=\"wp-block-image\">\n<figure class=\"alignleft is-resized\"><img decoding=\"async\" src=\"https:\/\/cdn.tenyek.hu\/media\/d\/d1\/d133be022a7875d9bbfff8726cf7e735.jpg\" alt=\"Media player poster frame\" style=\"width:243px;height:auto\"\/><\/figure>\n<\/div>\n\n\n<p>Nem \u0151 tette, hanem haragosai \u00f6lhett\u00e9k meg id\u0151s szerelm\u00e9t &#8211; ezt \u00e1ll\u00edtja az a 21 \u00e9ves l\u00e1ny, aki a gyan\u00fa szerint t\u00f6bbsz\u00f6r nyakon \u00e9s h\u00e1tba sz\u00farta 64 \u00e9ves p\u00e1rj\u00e1t a n\u00e9metorsz\u00e1gi Sonneberg-ben. Ezut\u00e1n a v\u00e9res k\u00e9st h\u00e1trahagyva az \u00e9desanyj\u00e1hoz menek\u00fclt. A n\u0151 nem j\u00e1rult hozz\u00e1 az egyszer\u0171 kiadat\u00e1shoz, az\u00e9rt k\u00fczd, hogy ne vigy\u00e9k vissza N\u00e9metorsz\u00e1gba.<\/p>\n\n\n\n<div style=\"width: 100%; aspect-ratio: 16\/9; position: relative;\"><iframe src=\"https:\/\/tenyek.hu\/embed\/59502_nem-akar-nemetorszagba-menni-a-gyilkos?autoplay=0\" frameborder=\"0\" allow=\"fullscreen; encrypted-media; autoplay\" style=\"width: 100%; height: 100%; position: absolute;\"><\/iframe><\/div>\n","protected":false},"excerpt":{"rendered":"<p>Nem \u0151 tette, hanem haragosai \u00f6lhett\u00e9k meg id\u0151s szerelm\u00e9t &#8211; ezt \u00e1ll\u00edtja az a 21 \u00e9ves l\u00e1ny, aki a gyan\u00fa szerint t\u00f6bbsz\u00f6r nyakon \u00e9s h\u00e1tba sz\u00farta 64 \u00e9ves p\u00e1rj\u00e1t a n\u00e9metorsz\u00e1gi Sonneberg-ben. Ezut\u00e1n a v\u00e9res k\u00e9st h\u00e1trahagyva az \u00e9desanyj\u00e1hoz menek\u00fclt. A n\u0151 nem j\u00e1rult hozz\u00e1 az egyszer\u0171 kiadat\u00e1shoz, az\u00e9rt k\u00fczd, hogy ne vigy\u00e9k vissza N\u00e9metorsz\u00e1gba.<\/p>\n","protected":false},"author":4,"featured_media":0,"comment_status":"open","ping_status":"closed","sticky":false,"template":"","format":"standard","meta":{"footnotes":""},"categories":[5],"tags":[2487,1079,1329,1707,4471],"class_list":["post-25440","post","type-post","status-publish","format-standard","hentry","category-kek-hirek","tag-gyilkos","tag-gyilkossag","tag-kes","tag-lany","tag-sonneberg"],"_links":{"self":[{"href":"https:\/\/www.agriatv.hu\/index.php?rest_route=\/wp\/v2\/posts\/25440","targetHints":{"allow":["GET"]}}],"collection":[{"href":"https:\/\/www.agriatv.hu\/index.php?rest_route=\/wp\/v2\/posts"}],"about":[{"href":"https:\/\/www.agriatv.hu\/index.php?rest_route=\/wp\/v2\/types\/post"}],"author":[{"embeddable":true,"href":"https:\/\/www.agriatv.hu\/index.php?rest_route=\/wp\/v2\/users\/4"}],"replies":[{"embeddable":true,"href":"https:\/\/www.agriatv.hu\/index.php?rest_route=%2Fwp%2Fv2%2Fcomments&post=25440"}],"version-history":[{"count":1,"href":"https:\/\/www.agriatv.hu\/index.php?rest_route=\/wp\/v2\/posts\/25440\/revisions"}],"predecessor-version":[{"id":25441,"href":"https:\/\/www.agriatv.hu\/index.php?rest_route=\/wp\/v2\/posts\/25440\/revisions\/25441"}],"wp:attachment":[{"href":"https:\/\/www.agriatv.hu\/index.php?rest_route=%2Fwp%2Fv2%2Fmedia&parent=25440"}],"wp:term":[{"taxonomy":"category","embeddable":true,"href":"https:\/\/www.agriatv.hu\/index.php?rest_route=%2Fwp%2Fv2%2Fcategories&post=25440"},{"taxonomy":"post_tag","embeddable":true,"href":"https:\/\/www.agriatv.hu\/index.php?rest_route=%2Fwp%2Fv2%2Ftags&post=25440"}],"curies":[{"name":"wp","href":"https:\/\/api.w.org\/{rel}","templated":true}]}}