{"id":25443,"date":"2025-06-08T18:56:49","date_gmt":"2025-06-08T18:56:49","guid":{"rendered":"https:\/\/www.agriatv.hu\/?p=25443"},"modified":"2025-06-08T18:56:51","modified_gmt":"2025-06-08T18:56:51","slug":"tomeg-volt-a-punkosdi-programokon","status":"publish","type":"post","link":"https:\/\/www.agriatv.hu\/?p=25443","title":{"rendered":"T\u00f6meg volt a p\u00fcnk\u00f6sdi programokon"},"content":{"rendered":"<div class=\"wp-block-image\">\n<figure class=\"alignleft is-resized\"><img decoding=\"async\" src=\"https:\/\/cdn.tenyek.hu\/media\/7\/7c\/7c66151a2a3e7731e87af187cd44095d.jpg\" alt=\"Media player poster frame\" style=\"width:270px;height:auto\"\/><\/figure>\n<\/div>\n\n\n<p>J\u00e1t\u00e9kokkal, mes\u00e9kkel ismerkedtek a gyerekek a p\u00fcnk\u00f6sdi hagyom\u00e1nyokkal, \u00edgy p\u00e9ld\u00e1ul a P\u00fcnk\u00f6sdi Kir\u00e1lyv\u00e1laszt\u00e1ssal is. S\u00e1lyon m\u00e1jusf\u00e1t is d\u00edsz\u00edtettek, de lovakat, kuty\u00e1kat \u00e9s nyulakat is simogathattak. Az Egri V\u00e1rban pedig 16. sz\u00e1zadi pusk\u00e1kat \u00e9s kardokat lehetett k\u00e9zbe venni, korabeli ruh\u00e1kat is felpr\u00f3b\u00e1lhattak a l\u00e1togat\u00f3k \u00e9s aki akart, k\u00e9zm\u0171ves foglalkoz\u00e1son is r\u00e9szt vehetett.<\/p>\n\n\n\n<div style=\"width: 100%; aspect-ratio: 16\/9; position: relative;\"><iframe src=\"https:\/\/tenyek.hu\/embed\/59678_tomeg-volt-a-punkosdi-programokon?autoplay=0\" frameborder=\"0\" allow=\"fullscreen; encrypted-media; autoplay\" style=\"width: 100%; height: 100%; position: absolute;\"><\/iframe><\/div>\n","protected":false},"excerpt":{"rendered":"<p>J\u00e1t\u00e9kokkal, mes\u00e9kkel ismerkedtek a gyerekek a p\u00fcnk\u00f6sdi hagyom\u00e1nyokkal, \u00edgy p\u00e9ld\u00e1ul a P\u00fcnk\u00f6sdi Kir\u00e1lyv\u00e1laszt\u00e1ssal is. S\u00e1lyon m\u00e1jusf\u00e1t is d\u00edsz\u00edtettek, de lovakat, kuty\u00e1kat \u00e9s nyulakat is simogathattak. Az Egri V\u00e1rban pedig 16. sz\u00e1zadi pusk\u00e1kat \u00e9s kardokat lehetett k\u00e9zbe venni, korabeli ruh\u00e1kat is felpr\u00f3b\u00e1lhattak a l\u00e1togat\u00f3k \u00e9s aki akart, k\u00e9zm\u0171ves foglalkoz\u00e1son is r\u00e9szt vehetett.<\/p>\n","protected":false},"author":4,"featured_media":0,"comment_status":"open","ping_status":"closed","sticky":false,"template":"","format":"standard","meta":{"footnotes":""},"categories":[6,8,4],"tags":[4339,389,2767,193],"class_list":["post-25443","post","type-post","status-publish","format-standard","hentry","category-belfold","category-kultura","category-szabadido","tag-foglalkozas","tag-program","tag-punkosd","tag-var"],"_links":{"self":[{"href":"https:\/\/www.agriatv.hu\/index.php?rest_route=\/wp\/v2\/posts\/25443","targetHints":{"allow":["GET"]}}],"collection":[{"href":"https:\/\/www.agriatv.hu\/index.php?rest_route=\/wp\/v2\/posts"}],"about":[{"href":"https:\/\/www.agriatv.hu\/index.php?rest_route=\/wp\/v2\/types\/post"}],"author":[{"embeddable":true,"href":"https:\/\/www.agriatv.hu\/index.php?rest_route=\/wp\/v2\/users\/4"}],"replies":[{"embeddable":true,"href":"https:\/\/www.agriatv.hu\/index.php?rest_route=%2Fwp%2Fv2%2Fcomments&post=25443"}],"version-history":[{"count":1,"href":"https:\/\/www.agriatv.hu\/index.php?rest_route=\/wp\/v2\/posts\/25443\/revisions"}],"predecessor-version":[{"id":25444,"href":"https:\/\/www.agriatv.hu\/index.php?rest_route=\/wp\/v2\/posts\/25443\/revisions\/25444"}],"wp:attachment":[{"href":"https:\/\/www.agriatv.hu\/index.php?rest_route=%2Fwp%2Fv2%2Fmedia&parent=25443"}],"wp:term":[{"taxonomy":"category","embeddable":true,"href":"https:\/\/www.agriatv.hu\/index.php?rest_route=%2Fwp%2Fv2%2Fcategories&post=25443"},{"taxonomy":"post_tag","embeddable":true,"href":"https:\/\/www.agriatv.hu\/index.php?rest_route=%2Fwp%2Fv2%2Ftags&post=25443"}],"curies":[{"name":"wp","href":"https:\/\/api.w.org\/{rel}","templated":true}]}}