{"id":25446,"date":"2025-06-08T19:02:58","date_gmt":"2025-06-08T19:02:58","guid":{"rendered":"https:\/\/www.agriatv.hu\/?p=25446"},"modified":"2025-06-08T19:03:00","modified_gmt":"2025-06-08T19:03:00","slug":"muszaki-nelkul-driftelt-a-hazak-kozott","status":"publish","type":"post","link":"https:\/\/www.agriatv.hu\/?p=25446","title":{"rendered":"M\u0171szaki n\u00e9lk\u00fcl driftelt a h\u00e1zak k\u00f6z\u00f6tt"},"content":{"rendered":"<div class=\"wp-block-image\">\n<figure class=\"alignleft is-resized\"><img decoding=\"async\" src=\"https:\/\/cdn.tenyek.hu\/media\/e\/e7\/e73996855178aa748de616c77a0e948e.jpg\" alt=\"Media player poster frame\" style=\"width:249px;height:auto\"\/><\/figure>\n<\/div>\n\n\n<p>\u00c9letvesz\u00e9lyesen farolgatott, driftelt egy \u00f3zdi f\u00e9rfi f\u00e9nyes nappal egy lak\u00f3park parkol\u00f3j\u00e1ban. Pechj\u00e9re az \u00e1mokfut\u00e1st v\u00e9gign\u00e9zte egy szabadnapos rend\u0151r, vide\u00f3ra vette \u00e9s h\u00edvta a koll\u00e9g\u00e1it. Kider\u00fclt, hogy az aut\u00f3 abroncsai t\u00fck\u00f6rsim\u00e1k voltak \u00e9s n\u00e9gy \u00e9ve lej\u00e1rt a m\u0171szakija, ki is vont\u00e1k a forgalomb\u00f3l. A driftel\u0151 t\u00f6bb sz\u00e1zezer forintos b\u00fcntet\u00e9st kapott. Az ott lak\u00f3k szerint egy\u00e1ltal\u00e1n nem egyedi eset, hogy aut\u00f3sok m\u00e1sok \u00e9let\u00e9t kock\u00e1ztatva sz\u00f3rakoznak a parkol\u00f3ban.<\/p>\n\n\n\n<div style=\"width: 100%; aspect-ratio: 16\/9; position: relative;\"><iframe src=\"https:\/\/tenyek.hu\/embed\/59677_muszaki-nelkul-driftelt-a-hazak-kozott?autoplay=0\" frameborder=\"0\" allow=\"fullscreen; encrypted-media; autoplay\" style=\"width: 100%; height: 100%; position: absolute;\"><\/iframe><\/div>\n","protected":false},"excerpt":{"rendered":"<p>\u00c9letvesz\u00e9lyesen farolgatott, driftelt egy \u00f3zdi f\u00e9rfi f\u00e9nyes nappal egy lak\u00f3park parkol\u00f3j\u00e1ban. Pechj\u00e9re az \u00e1mokfut\u00e1st v\u00e9gign\u00e9zte egy szabadnapos rend\u0151r, vide\u00f3ra vette \u00e9s h\u00edvta a koll\u00e9g\u00e1it. Kider\u00fclt, hogy az aut\u00f3 abroncsai t\u00fck\u00f6rsim\u00e1k voltak \u00e9s n\u00e9gy \u00e9ve lej\u00e1rt a m\u0171szakija, ki is vont\u00e1k a forgalomb\u00f3l. A driftel\u0151 t\u00f6bb sz\u00e1zezer forintos b\u00fcntet\u00e9st kapott. Az ott lak\u00f3k szerint egy\u00e1ltal\u00e1n nem [&#8230;]<\/p>\n","protected":false},"author":4,"featured_media":0,"comment_status":"open","ping_status":"closed","sticky":false,"template":"","format":"standard","meta":{"footnotes":""},"categories":[5],"tags":[1790,4473,4474,1181,55,2127],"class_list":["post-25446","post","type-post","status-publish","format-standard","hentry","category-kek-hirek","tag-drift","tag-lakopark","tag-muszaki","tag-ozd","tag-rendor","tag-video"],"_links":{"self":[{"href":"https:\/\/www.agriatv.hu\/index.php?rest_route=\/wp\/v2\/posts\/25446","targetHints":{"allow":["GET"]}}],"collection":[{"href":"https:\/\/www.agriatv.hu\/index.php?rest_route=\/wp\/v2\/posts"}],"about":[{"href":"https:\/\/www.agriatv.hu\/index.php?rest_route=\/wp\/v2\/types\/post"}],"author":[{"embeddable":true,"href":"https:\/\/www.agriatv.hu\/index.php?rest_route=\/wp\/v2\/users\/4"}],"replies":[{"embeddable":true,"href":"https:\/\/www.agriatv.hu\/index.php?rest_route=%2Fwp%2Fv2%2Fcomments&post=25446"}],"version-history":[{"count":1,"href":"https:\/\/www.agriatv.hu\/index.php?rest_route=\/wp\/v2\/posts\/25446\/revisions"}],"predecessor-version":[{"id":25447,"href":"https:\/\/www.agriatv.hu\/index.php?rest_route=\/wp\/v2\/posts\/25446\/revisions\/25447"}],"wp:attachment":[{"href":"https:\/\/www.agriatv.hu\/index.php?rest_route=%2Fwp%2Fv2%2Fmedia&parent=25446"}],"wp:term":[{"taxonomy":"category","embeddable":true,"href":"https:\/\/www.agriatv.hu\/index.php?rest_route=%2Fwp%2Fv2%2Fcategories&post=25446"},{"taxonomy":"post_tag","embeddable":true,"href":"https:\/\/www.agriatv.hu\/index.php?rest_route=%2Fwp%2Fv2%2Ftags&post=25446"}],"curies":[{"name":"wp","href":"https:\/\/api.w.org\/{rel}","templated":true}]}}