{"id":25448,"date":"2025-06-08T19:07:13","date_gmt":"2025-06-08T19:07:13","guid":{"rendered":"https:\/\/www.agriatv.hu\/?p=25448"},"modified":"2025-06-08T19:07:15","modified_gmt":"2025-06-08T19:07:15","slug":"halott-tarsaikert-motoroztak-a-kekesre","status":"publish","type":"post","link":"https:\/\/www.agriatv.hu\/?p=25448","title":{"rendered":"Halott t\u00e1rsaik\u00e9rt motoroztak a K\u00e9kesre"},"content":{"rendered":"<div class=\"wp-block-image\">\n<figure class=\"alignleft is-resized\"><img decoding=\"async\" src=\"https:\/\/cdn.tenyek.hu\/media\/0\/03\/0335928715d84c473b827072e18304a3.jpg\" alt=\"Media player poster frame\" style=\"width:238px;height:auto\"\/><\/figure>\n<\/div>\n\n\n<p>Rokont, bar\u00e1tot vesz\u00edtettek el azok a motorosok, akik 90 kilom\u00e9teres t\u00far\u00e1val eml\u00e9keztek balesetekben meghalt t\u00e1rsaikra. T\u00f6bb sz\u00e1zan gy\u0171ltek \u00f6ssze, minden motorra fekete szalagot k\u00f6t\u00f6ttek. Egert\u0151l indulva a K\u00e9kestet\u0151ig tartott a vonul\u00e1s, ott m\u00e9csest gy\u00fajtottak a halottak eml\u00e9k\u00e9re. Csak szombaton k\u00e9t s\u00falyos motorosbaleset is t\u00f6rt\u00e9nt, egyik\u00fck &#8211; egy fiatal f\u00e9rfi &#8211; nem \u00e9lte t\u00fal, hogy felbukott \u00e9s egy markol\u00f3 al\u00e1 cs\u00faszott.<\/p>\n\n\n\n<div style=\"width: 100%; aspect-ratio: 16\/9; position: relative;\"><iframe src=\"https:\/\/tenyek.hu\/embed\/59676_halott-tarsaikert-motoroztak-a-kekesre?autoplay=0\" frameborder=\"0\" allow=\"fullscreen; encrypted-media; autoplay\" style=\"width: 100%; height: 100%; position: absolute;\"><\/iframe><\/div>\n","protected":false},"excerpt":{"rendered":"<p>Rokont, bar\u00e1tot vesz\u00edtettek el azok a motorosok, akik 90 kilom\u00e9teres t\u00far\u00e1val eml\u00e9keztek balesetekben meghalt t\u00e1rsaikra. T\u00f6bb sz\u00e1zan gy\u0171ltek \u00f6ssze, minden motorra fekete szalagot k\u00f6t\u00f6ttek. Egert\u0151l indulva a K\u00e9kestet\u0151ig tartott a vonul\u00e1s, ott m\u00e9csest gy\u00fajtottak a halottak eml\u00e9k\u00e9re. Csak szombaton k\u00e9t s\u00falyos motorosbaleset is t\u00f6rt\u00e9nt, egyik\u00fck &#8211; egy fiatal f\u00e9rfi &#8211; nem \u00e9lte t\u00fal, hogy felbukott [&#8230;]<\/p>\n","protected":false},"author":4,"featured_media":0,"comment_status":"open","ping_status":"closed","sticky":false,"template":"","format":"standard","meta":{"footnotes":""},"categories":[6,4],"tags":[41,4475,39,243],"class_list":["post-25448","post","type-post","status-publish","format-standard","hentry","category-belfold","category-szabadido","tag-baleset","tag-halottak","tag-motoros","tag-tura"],"_links":{"self":[{"href":"https:\/\/www.agriatv.hu\/index.php?rest_route=\/wp\/v2\/posts\/25448","targetHints":{"allow":["GET"]}}],"collection":[{"href":"https:\/\/www.agriatv.hu\/index.php?rest_route=\/wp\/v2\/posts"}],"about":[{"href":"https:\/\/www.agriatv.hu\/index.php?rest_route=\/wp\/v2\/types\/post"}],"author":[{"embeddable":true,"href":"https:\/\/www.agriatv.hu\/index.php?rest_route=\/wp\/v2\/users\/4"}],"replies":[{"embeddable":true,"href":"https:\/\/www.agriatv.hu\/index.php?rest_route=%2Fwp%2Fv2%2Fcomments&post=25448"}],"version-history":[{"count":1,"href":"https:\/\/www.agriatv.hu\/index.php?rest_route=\/wp\/v2\/posts\/25448\/revisions"}],"predecessor-version":[{"id":25449,"href":"https:\/\/www.agriatv.hu\/index.php?rest_route=\/wp\/v2\/posts\/25448\/revisions\/25449"}],"wp:attachment":[{"href":"https:\/\/www.agriatv.hu\/index.php?rest_route=%2Fwp%2Fv2%2Fmedia&parent=25448"}],"wp:term":[{"taxonomy":"category","embeddable":true,"href":"https:\/\/www.agriatv.hu\/index.php?rest_route=%2Fwp%2Fv2%2Fcategories&post=25448"},{"taxonomy":"post_tag","embeddable":true,"href":"https:\/\/www.agriatv.hu\/index.php?rest_route=%2Fwp%2Fv2%2Ftags&post=25448"}],"curies":[{"name":"wp","href":"https:\/\/api.w.org\/{rel}","templated":true}]}}