{"id":25450,"date":"2025-06-10T08:41:11","date_gmt":"2025-06-10T08:41:11","guid":{"rendered":"https:\/\/www.agriatv.hu\/?p=25450"},"modified":"2025-06-10T08:41:12","modified_gmt":"2025-06-10T08:41:12","slug":"hamajdlesz-feszt-fiatal-muveszek-fesztivalja","status":"publish","type":"post","link":"https:\/\/www.agriatv.hu\/?p=25450","title":{"rendered":"HAMAJDLESZ FESZT &#8211; \u201cFiatal M\u0171v\u00e9szek Fesztiv\u00e1lja\u201d"},"content":{"rendered":"\n<div class=\"wp-block-group is-nowrap is-layout-flex wp-container-core-group-is-layout-ad2f72ca wp-block-group-is-layout-flex\">\n<p><strong>2025. J\u00daLIUS 4 &#8211; 13.<\/strong><br \/><strong>EGER, CIVIL K\u00d6Z\u00d6SS\u00c9GEK H\u00c1ZA<\/strong><\/p>\n<\/div>\n\n\n\n<p><\/p>\n\n\n\n<p><strong>2025. j\u00falius 4-13.<\/strong>\u00a0k\u00f6z\u00f6tt el\u0151sz\u00f6r ker\u00fcl megrendez\u00e9sre a\u00a0<strong>Hamajdlesz Feszt<\/strong>\u00a0a\u00a0<strong>Civil K\u00f6z\u00f6ss\u00e9gek<\/strong><br \/><strong>H\u00e1z\u00e1ban<\/strong>\u00a0(\u00a0<em>3300, Eger, Kossuth Lajos u. 12.<\/em>\u00a0). A fesztiv\u00e1l a\u00a0<strong>Hamajdlesz Sz\u00ednh\u00e1zi Egyes\u00fclet<\/strong>\u00a0szervez\u00e9s\u00e9ben val\u00f3sul meg. A Hamajdlesz Sz\u00ednh\u00e1zi Egyes\u00fclet egri k\u00f6t\u0151d\u00e9s\u0171, 2022-ben gimnazist\u00e1k \u00e1ltal alap\u00edtott, f\u00fcggetlen, utaz\u00f3 t\u00e1rsulat. A m\u00e1ra m\u00e1r professzion\u00e1lis t\u00e1rsulat els\u0151, nagyszab\u00e1s\u00fa rendezv\u00e9nye az egri fesztiv\u00e1lon. A t\u00edz napos rendezv\u00e9ny sor\u00e1n 20 k\u00fcl\u00f6nb\u00f6z\u0151 program v\u00e1rja a l\u00e1togat\u00f3kat, amelyek soksz\u00edn\u0171s\u00e9g\u00fck r\u00e9v\u00e9n minden \u00e9rdekl\u0151d\u00e9si k\u00f6rt kiel\u00e9g\u00edtenek.\u00a0<strong>A fesztiv\u00e1l Hamajdlesz T\u00e1rsulat saj\u00e1t produkci\u00f3i mellett felt\u00f6rekv\u0151, egri sz\u00e1rmaz\u00e1s\u00fa fiatal m\u0171v\u00e9szeket is t\u00e1mogat fell\u00e9p\u00e9si lehet\u0151s\u00e9ggel.<\/strong><\/p>\n\n\n\n<p><strong>Jegyek, napijegyek, b\u00e9rletek online<\/strong>&nbsp;\u00e9s&nbsp;<strong>szem\u00e9lyesen<\/strong>&nbsp;is, az egri&nbsp;<strong>Tourinfom<\/strong>&nbsp;irod\u00e1ban (&nbsp;<em>Bajcsy-Zsilinszky Endre 9.<\/em>&nbsp;) \u00e9s helysz\u00ednen a programok el\u0151tt is megv\u00e1s\u00e1rolhat\u00f3k. Korl\u00e1tozott sz\u00e1m\u00fa helyek miatt \u00e9rdemes el\u0151re megv\u00e1s\u00e1rolni a jegyeket, b\u00e9rleteket. Napijegyek \u00e9s b\u00e9rletek v\u00e1s\u00e1rl\u00e1s\u00e1val kedvez\u0151bb p\u00e9nz\u00fcgyi felt\u00e9telekkel vehetnek r\u00e9szt a fesztiv\u00e1lon. Tov\u00e1bb\u00e1&nbsp;<strong>Eger k\u00e1rtya<\/strong>&nbsp;felmutat\u00e1s\u00e1val a&nbsp;<strong>Tourinform<\/strong>&nbsp;irod\u00e1ban 10%-os kedvezm\u00e9nyt kapnak szem\u00e9lyes v\u00e1s\u00e1rl\u00e1s eset\u00e9n.&nbsp;<\/p>\n\n\n\n<p>V\u00e1runk mindenkit szeretettel egy j\u00f3 hangulat\u00fa, min\u0151s\u00e9gi sz\u00f3rakoz\u00e1st biztos\u00edt\u00f3, kult\u00far\u00e1t\u00f3l f\u0171t\u00f6tt ny\u00e1ri-sz\u00ednh\u00e1zi fesztiv\u00e1lra!<\/p>\n\n\n\n<p><strong><u>A napijegyek \u00e9s a b\u00e9rletek az al\u00e1bbi programokat tartalmazz\u00e1k<\/u><\/strong><strong>&nbsp;:<\/strong><\/p>\n\n\n\n<p><strong>Gyerek b\u00e9rlet 1:<\/strong><br \/>2025. j\u00falius 6. 18:00 Hamajdlesz Sz\u00ednh\u00e1zi Egyes\u00fclet: A r\u00e1t\u00f3ti csik\u00f3toj\u00e1s<br \/>2025. j\u00falius 9. 18:00 Hamajdlesz Sz\u00ednh\u00e1zi Egyes\u00fclet: L\u00fadas Matyi<br \/>2025.07.12. 18:00 Koh\u00f3 M\u0171hely: A kov\u00e1cs kuty\u00e1ja<\/p>\n\n\n\n<p><strong>Gyerek b\u00e9rlet 2:<\/strong><br \/>2025. j\u00falius 5. 19:30 Zen\u00e9s irodalmi est az Opi\u010dka el\u0151ad\u00e1s\u00e1ban<br \/>2025. j\u00falius 6. 19:30 R\u00edmh\u00e1ny\u00f3 Romh\u00e1nyi<br \/>2025.07.13. 18:00 Hamajdlesz Sz\u00ednh\u00e1zi Egyes\u00fclet: L\u00fadas Matyi<\/p>\n\n\n\n<p><strong>Feln\u0151tt b\u00e9rlet 1:<\/strong><br \/>2025. j\u00falius 4. 18:00 Hamajdlesz Sz\u00ednh\u00e1zi Egyes\u00fclet: Sanzonok \u00e9s kupl\u00e9k koncert, zen\u00e9s k\u00f6z\u00e9rzet<br \/>2025. j\u00falius 4. 20:00 Egy este a k\u00f6lt\u00e9szet hull\u00e1main, zen\u00e9s irodalmi est, Harangoz\u00f3 \u00c1lmos \u00e9s Kecskem\u00e9ti Bence<br \/>. fene az eg\u00e9szet, \u00d6rk\u00e9ny Istv\u00e1n Egyperces novell\u00e1i alapj\u00e1n<br \/>2025. j\u00falius. 11. 20:30 CC116 koncert<\/p>\n\n\n\n<p><strong>Feln\u0151tt b\u00e9rlet 2:<\/strong><br \/>2025. j\u00falius 5. 18:00 V\u00e1rj! (Godotra) &#8211; Harangoz\u00f3 \u00c1lmos el\u0151ad\u00e1sa<br \/>2025. j\u00falius 8. 18:00 Hamajdlesz Sz\u00ednh\u00e1zi Egyes\u00fclet: \u00c9des Anna<br \/>2025. j\u00falius 8. 19:30 Slam poetry est<br \/>2025. j\u00falius 13. 20:00 Hamajdlesz Zeneh\u00e1zi \u00e9s K\u00f6zh\u00e1zi Egyes\u00fclet:,<\/p>\n\n\n\n<p><strong>Nyugd\u00edjas b\u00e9rlet 1:<\/strong><br \/>2025. j\u00falius 7. 18:00 Hamajdlesz Sz\u00ednh\u00e1zi Egyes\u00fclet: Moln\u00e1r Ferenc: J\u00e1t\u00e9k a kast\u00e9lyban<br \/>2025. j\u00falius 10. 19:30 Anekdot\u00e1k a G\u00e1rdonyi G\u00e9za Sz\u00ednh\u00e1zb\u00f3l, p\u00f3dium besz\u00e9lget\u00e9sek: L\u00e1z\u00e1r Rita \u00e9s<br \/>j\u00falius 2. R\u00e1cz2 J\u00e1nos, 2. R\u00e1cz1. 18:00 Hamajdlesz Sz\u00ednh\u00e1zi Egyes\u00fclet: T\u00f3tocsk\u00e1im \/ \u00d6rk\u00e9ny Istv\u00e1n: T\u00f3t\u00e9k<\/p>\n\n\n\n<p><strong>Nyugd\u00edjas b\u00e9rlet 2:<\/strong><br \/>2025. j\u00falius 10. 18:00 Moln\u00e1r Ferenc: Az ibolya<br \/>2025. j\u00falius 7. 20:30 Anekdot\u00e1k a G\u00e1rdonyi G\u00e9za Sz\u00ednh\u00e1zb\u00f3l, p\u00f3dium besz\u00e9lget\u00e9sek: Dimanopolu Afrodit\u00e9 \u00e9s Bar\u00e1th Zolt\u00e1n, besz\u00e9lget\u0151t\u00e1rs0 Vass Judit01 +9: 3 j\u00falius20 Vass Judit01. J\u00e1zmin \u0150zike musical estje<\/p>\n","protected":false},"excerpt":{"rendered":"<p>2025. J\u00daLIUS 4 &#8211; 13.EGER, CIVIL K\u00d6Z\u00d6SS\u00c9GEK H\u00c1ZA<\/p>\n<p>2025. j\u00falius 4-13.\u00a0k\u00f6z\u00f6tt el\u0151sz\u00f6r ker\u00fcl megrendez\u00e9sre a\u00a0Hamajdlesz Feszt\u00a0a\u00a0Civil K\u00f6z\u00f6ss\u00e9gekH\u00e1z\u00e1ban\u00a0(\u00a03300, Eger, Kossuth Lajos u. 12.\u00a0). A fesztiv\u00e1l a\u00a0Hamajdlesz Sz\u00ednh\u00e1zi Egyes\u00fclet\u00a0szervez\u00e9s\u00e9ben val\u00f3sul meg. A Hamajdlesz Sz\u00ednh\u00e1zi Egyes\u00fclet egri k\u00f6t\u0151d\u00e9s\u0171, 2022-ben gimnazist\u00e1k \u00e1ltal alap\u00edtott, f\u00fcggetlen, utaz\u00f3 t\u00e1rsulat. A m\u00e1ra m\u00e1r professzion\u00e1lis t\u00e1rsulat els\u0151, nagyszab\u00e1s\u00fa rendezv\u00e9nye az egri fesztiv\u00e1lon. A t\u00edz napos [&#8230;]<\/p>\n","protected":false},"author":4,"featured_media":0,"comment_status":"open","ping_status":"closed","sticky":false,"template":"","format":"standard","meta":{"footnotes":""},"categories":[6,8,4],"tags":[194,1351,4476,93,57],"class_list":["post-25450","post","type-post","status-publish","format-standard","hentry","category-belfold","category-kultura","category-szabadido","tag-fesztival","tag-fiatal","tag-hamajdlesz","tag-kultura-2","tag-szinhaz"],"_links":{"self":[{"href":"https:\/\/www.agriatv.hu\/index.php?rest_route=\/wp\/v2\/posts\/25450","targetHints":{"allow":["GET"]}}],"collection":[{"href":"https:\/\/www.agriatv.hu\/index.php?rest_route=\/wp\/v2\/posts"}],"about":[{"href":"https:\/\/www.agriatv.hu\/index.php?rest_route=\/wp\/v2\/types\/post"}],"author":[{"embeddable":true,"href":"https:\/\/www.agriatv.hu\/index.php?rest_route=\/wp\/v2\/users\/4"}],"replies":[{"embeddable":true,"href":"https:\/\/www.agriatv.hu\/index.php?rest_route=%2Fwp%2Fv2%2Fcomments&post=25450"}],"version-history":[{"count":1,"href":"https:\/\/www.agriatv.hu\/index.php?rest_route=\/wp\/v2\/posts\/25450\/revisions"}],"predecessor-version":[{"id":25451,"href":"https:\/\/www.agriatv.hu\/index.php?rest_route=\/wp\/v2\/posts\/25450\/revisions\/25451"}],"wp:attachment":[{"href":"https:\/\/www.agriatv.hu\/index.php?rest_route=%2Fwp%2Fv2%2Fmedia&parent=25450"}],"wp:term":[{"taxonomy":"category","embeddable":true,"href":"https:\/\/www.agriatv.hu\/index.php?rest_route=%2Fwp%2Fv2%2Fcategories&post=25450"},{"taxonomy":"post_tag","embeddable":true,"href":"https:\/\/www.agriatv.hu\/index.php?rest_route=%2Fwp%2Fv2%2Ftags&post=25450"}],"curies":[{"name":"wp","href":"https:\/\/api.w.org\/{rel}","templated":true}]}}