{"id":25458,"date":"2025-06-11T19:43:04","date_gmt":"2025-06-11T19:43:04","guid":{"rendered":"https:\/\/www.agriatv.hu\/?p=25458"},"modified":"2025-06-11T19:43:06","modified_gmt":"2025-06-11T19:43:06","slug":"nem-ment-gombaszni-inkabb-gyilkolt","status":"publish","type":"post","link":"https:\/\/www.agriatv.hu\/?p=25458","title":{"rendered":"Nem ment gomb\u00e1szni, ink\u00e1bb gyilkolt"},"content":{"rendered":"<div class=\"wp-block-image\">\n<figure class=\"alignleft is-resized\"><img decoding=\"async\" src=\"https:\/\/cdn.tenyek.hu\/media\/a\/a8\/a809352a3deca5861037dfb22bd8634f.jpg\" alt=\"Media player poster frame\" style=\"width:250px;height:auto\"\/><\/figure>\n<\/div>\n\n\n<p>Nem gomb\u00e1szni ment a k\u00e9s\u0151bbi gyilkos, hanem a kocsm\u00e1ba. Ezen pattant ki az a v\u00e9gzetes vita, amely sor\u00e1n v\u00e9g\u00fcl a 29 \u00e9ves f\u00e9rfi hal\u00e1lra k\u00e9selte 31 \u00e9ves b\u00e1tyj\u00e1t Somosk\u0151\u00fajfalun. A f\u00e9rfi tavaly az \u00e9desapjukra is r\u00e1t\u00e1madt, \u0151 sem \u00e9lte t\u00fal, a k\u00f3rh\u00e1zban meghalt. Amennyiben a szak\u00e9rt\u0151 meg\u00e1llap\u00edtja, hogy a balt\u00e1s t\u00e1mad\u00e1s \u00e9s az apa hal\u00e1la k\u00f6z\u00f6tt \u00f6sszef\u00fcgg\u00e9s van, a k\u00e9t gyilkoss\u00e1g\u00e9rt ak\u00e1r \u00e9letfogytigtart\u00f3 fegyh\u00e1zb\u00fcntet\u00e9st is kaphat.<\/p>\n\n\n\n<div style=\"width: 100%; aspect-ratio: 16\/9; position: relative;\"><iframe src=\"https:\/\/tenyek.hu\/embed\/59775_nem-ment-gombaszni-inkabb-gyilkolt?autoplay=0\" frameborder=\"0\" allow=\"fullscreen; encrypted-media; autoplay\" style=\"width: 100%; height: 100%; position: absolute;\"><\/iframe><\/div>\n","protected":false},"excerpt":{"rendered":"<p>Nem gomb\u00e1szni ment a k\u00e9s\u0151bbi gyilkos, hanem a kocsm\u00e1ba. Ezen pattant ki az a v\u00e9gzetes vita, amely sor\u00e1n v\u00e9g\u00fcl a 29 \u00e9ves f\u00e9rfi hal\u00e1lra k\u00e9selte 31 \u00e9ves b\u00e1tyj\u00e1t Somosk\u0151\u00fajfalun. A f\u00e9rfi tavaly az \u00e9desapjukra is r\u00e1t\u00e1madt, \u0151 sem \u00e9lte t\u00fal, a k\u00f3rh\u00e1zban meghalt. Amennyiben a szak\u00e9rt\u0151 meg\u00e1llap\u00edtja, hogy a balt\u00e1s t\u00e1mad\u00e1s \u00e9s az apa hal\u00e1la [&#8230;]<\/p>\n","protected":false},"author":4,"featured_media":0,"comment_status":"open","ping_status":"closed","sticky":false,"template":"","format":"standard","meta":{"footnotes":""},"categories":[5],"tags":[2541,3013,2082,1329,122,3065,2486],"class_list":["post-25458","post","type-post","status-publish","format-standard","hentry","category-kek-hirek","tag-apa","tag-balta","tag-emberoles","tag-kes","tag-rendorseg","tag-somoskoujfalu","tag-testver"],"_links":{"self":[{"href":"https:\/\/www.agriatv.hu\/index.php?rest_route=\/wp\/v2\/posts\/25458","targetHints":{"allow":["GET"]}}],"collection":[{"href":"https:\/\/www.agriatv.hu\/index.php?rest_route=\/wp\/v2\/posts"}],"about":[{"href":"https:\/\/www.agriatv.hu\/index.php?rest_route=\/wp\/v2\/types\/post"}],"author":[{"embeddable":true,"href":"https:\/\/www.agriatv.hu\/index.php?rest_route=\/wp\/v2\/users\/4"}],"replies":[{"embeddable":true,"href":"https:\/\/www.agriatv.hu\/index.php?rest_route=%2Fwp%2Fv2%2Fcomments&post=25458"}],"version-history":[{"count":1,"href":"https:\/\/www.agriatv.hu\/index.php?rest_route=\/wp\/v2\/posts\/25458\/revisions"}],"predecessor-version":[{"id":25459,"href":"https:\/\/www.agriatv.hu\/index.php?rest_route=\/wp\/v2\/posts\/25458\/revisions\/25459"}],"wp:attachment":[{"href":"https:\/\/www.agriatv.hu\/index.php?rest_route=%2Fwp%2Fv2%2Fmedia&parent=25458"}],"wp:term":[{"taxonomy":"category","embeddable":true,"href":"https:\/\/www.agriatv.hu\/index.php?rest_route=%2Fwp%2Fv2%2Fcategories&post=25458"},{"taxonomy":"post_tag","embeddable":true,"href":"https:\/\/www.agriatv.hu\/index.php?rest_route=%2Fwp%2Fv2%2Ftags&post=25458"}],"curies":[{"name":"wp","href":"https:\/\/api.w.org\/{rel}","templated":true}]}}