{"id":25465,"date":"2025-06-15T00:28:17","date_gmt":"2025-06-15T00:28:17","guid":{"rendered":"https:\/\/www.agriatv.hu\/?p=25465"},"modified":"2025-06-15T00:28:18","modified_gmt":"2025-06-15T00:28:18","slug":"meggyujtotta-a-bozotot-oszeegett","status":"publish","type":"post","link":"https:\/\/www.agriatv.hu\/?p=25465","title":{"rendered":"Meggy\u00fajtotta a boz\u00f3tot, \u00f6sze\u00e9gett"},"content":{"rendered":"<div class=\"wp-block-image\">\n<figure class=\"alignleft is-resized\"><img decoding=\"async\" src=\"https:\/\/cdn.tenyek.hu\/media\/5\/52\/52c6f685070cdaa7808e499d6cd88d83.jpg\" alt=\"Media player poster frame\" style=\"width:224px;height:auto\"\/><\/figure>\n<\/div>\n\n\n<p>\u00d6ssze\u00e9gett egy 80 \u00e9ves asszony Szurdokp\u00fcsp\u00f6kiben, aki gallyakat akart elt\u00fczelni, de az er\u0151s sz\u00e9l sz\u00e9tf\u00fajta a parazsat, amit\u0151l meggyulladt a boz\u00f3t, m\u00e9g h\u00e1zak is vesz\u00e9lyben voltak. A nyugd\u00edjast k\u00f3rh\u00e1zba vitt\u00e9k. De m\u00e9teres l\u00e1ngokkal \u00e9s hatalmas f\u00fcsttel \u00e9gett egy fah\u00e1z szombat \u00e9jjel Ny\u00edregyh\u00e1z\u00e1n, err\u0151l vide\u00f3 k\u00e9sz\u00fclt. A k\u00f6rny\u00e9ken lak\u00f3k p\u00e1nikba estek, a t\u00fczet messzir\u0151l is l\u00e1tni lehetett, szerint\u00fck nincs kiz\u00e1rva, hogy valaki sz\u00e1nd\u00e9kosan gy\u00fajtogatott.<\/p>\n\n\n\n<div style=\"width: 100%; aspect-ratio: 16\/9; position: relative;\"><iframe src=\"https:\/\/tenyek.hu\/embed\/59880_meggyujtotta-a-bozotot-oszeegett?autoplay=0\" frameborder=\"0\" allow=\"fullscreen; encrypted-media; autoplay\" style=\"width: 100%; height: 100%; position: absolute;\"><\/iframe><\/div>\n","protected":false},"excerpt":{"rendered":"<p>\u00d6ssze\u00e9gett egy 80 \u00e9ves asszony Szurdokp\u00fcsp\u00f6kiben, aki gallyakat akart elt\u00fczelni, de az er\u0151s sz\u00e9l sz\u00e9tf\u00fajta a parazsat, amit\u0151l meggyulladt a boz\u00f3t, m\u00e9g h\u00e1zak is vesz\u00e9lyben voltak. A nyugd\u00edjast k\u00f3rh\u00e1zba vitt\u00e9k. De m\u00e9teres l\u00e1ngokkal \u00e9s hatalmas f\u00fcsttel \u00e9gett egy fah\u00e1z szombat \u00e9jjel Ny\u00edregyh\u00e1z\u00e1n, err\u0151l vide\u00f3 k\u00e9sz\u00fclt. A k\u00f6rny\u00e9ken lak\u00f3k p\u00e1nikba estek, a t\u00fczet messzir\u0151l is l\u00e1tni [&#8230;]<\/p>\n","protected":false},"author":4,"featured_media":0,"comment_status":"open","ping_status":"closed","sticky":false,"template":"","format":"standard","meta":{"footnotes":""},"categories":[5],"tags":[2749,1371,1342,3838,161],"class_list":["post-25465","post","type-post","status-publish","format-standard","hentry","category-kek-hirek","tag-eges","tag-idos","tag-lang","tag-szurdokpuspoki","tag-tuzolto"],"_links":{"self":[{"href":"https:\/\/www.agriatv.hu\/index.php?rest_route=\/wp\/v2\/posts\/25465","targetHints":{"allow":["GET"]}}],"collection":[{"href":"https:\/\/www.agriatv.hu\/index.php?rest_route=\/wp\/v2\/posts"}],"about":[{"href":"https:\/\/www.agriatv.hu\/index.php?rest_route=\/wp\/v2\/types\/post"}],"author":[{"embeddable":true,"href":"https:\/\/www.agriatv.hu\/index.php?rest_route=\/wp\/v2\/users\/4"}],"replies":[{"embeddable":true,"href":"https:\/\/www.agriatv.hu\/index.php?rest_route=%2Fwp%2Fv2%2Fcomments&post=25465"}],"version-history":[{"count":1,"href":"https:\/\/www.agriatv.hu\/index.php?rest_route=\/wp\/v2\/posts\/25465\/revisions"}],"predecessor-version":[{"id":25466,"href":"https:\/\/www.agriatv.hu\/index.php?rest_route=\/wp\/v2\/posts\/25465\/revisions\/25466"}],"wp:attachment":[{"href":"https:\/\/www.agriatv.hu\/index.php?rest_route=%2Fwp%2Fv2%2Fmedia&parent=25465"}],"wp:term":[{"taxonomy":"category","embeddable":true,"href":"https:\/\/www.agriatv.hu\/index.php?rest_route=%2Fwp%2Fv2%2Fcategories&post=25465"},{"taxonomy":"post_tag","embeddable":true,"href":"https:\/\/www.agriatv.hu\/index.php?rest_route=%2Fwp%2Fv2%2Ftags&post=25465"}],"curies":[{"name":"wp","href":"https:\/\/api.w.org\/{rel}","templated":true}]}}