{"id":25467,"date":"2025-06-15T00:33:24","date_gmt":"2025-06-15T00:33:24","guid":{"rendered":"https:\/\/www.agriatv.hu\/?p=25467"},"modified":"2025-06-15T00:33:26","modified_gmt":"2025-06-15T00:33:26","slug":"140-helyszinen-muzsikaltak-egyszerre","status":"publish","type":"post","link":"https:\/\/www.agriatv.hu\/?p=25467","title":{"rendered":"140 helysz\u00ednen muzsik\u00e1ltak egyszerre"},"content":{"rendered":"<div class=\"wp-block-image\">\n<figure class=\"alignleft is-resized\"><img decoding=\"async\" src=\"https:\/\/cdn.tenyek.hu\/media\/4\/4b\/4bf691c37f5792ab281bd0ce52dcb4bf.jpg\" alt=\"Media player poster frame\" style=\"width:248px;height:auto\"\/><\/figure>\n<\/div>\n\n\n<p>Csaknem 140 zenekar zen\u00e9lt orsz\u00e1gszerte vend\u00e9gl\u0151kben, k\u00e1v\u00e9h\u00e1zak \u00e9s bisztr\u00f3k teraszain. A Muzsik\u00e1l\u00f3 Magyarorsz\u00e1g program Dank\u00f3 Pista eml\u00e9knapj\u00e1nak c\u00e9lja, hogy az \u00e9vsz\u00e1zados m\u00falt\u00fa \u00e9ttermi cig\u00e1nyzen\u00e9t min\u00e9l t\u00f6bben megismerj\u00e9k, azok is, akik \u00e1tutaz\u00f3ban vannak, \u00e9ppen ez\u00e9rt id\u00e9n p\u00e1lyaudvarok \u00e9s kik\u00f6t\u0151k is csatlakoztak a programhoz.<\/p>\n\n\n\n<div style=\"width: 100%; aspect-ratio: 16\/9; position: relative;\"><iframe src=\"https:\/\/tenyek.hu\/embed\/59892_140-helyszinen-muzsikaltak-egyszerre?autoplay=0\" frameborder=\"0\" allow=\"fullscreen; encrypted-media; autoplay\" style=\"width: 100%; height: 100%; position: absolute;\"><\/iframe><\/div>\n","protected":false},"excerpt":{"rendered":"<p>Csaknem 140 zenekar zen\u00e9lt orsz\u00e1gszerte vend\u00e9gl\u0151kben, k\u00e1v\u00e9h\u00e1zak \u00e9s bisztr\u00f3k teraszain. A Muzsik\u00e1l\u00f3 Magyarorsz\u00e1g program Dank\u00f3 Pista eml\u00e9knapj\u00e1nak c\u00e9lja, hogy az \u00e9vsz\u00e1zados m\u00falt\u00fa \u00e9ttermi cig\u00e1nyzen\u00e9t min\u00e9l t\u00f6bben megismerj\u00e9k, azok is, akik \u00e1tutaz\u00f3ban vannak, \u00e9ppen ez\u00e9rt id\u00e9n p\u00e1lyaudvarok \u00e9s kik\u00f6t\u0151k is csatlakoztak a programhoz.<\/p>\n","protected":false},"author":4,"featured_media":0,"comment_status":"open","ping_status":"closed","sticky":false,"template":"","format":"standard","meta":{"footnotes":""},"categories":[6,8,4],"tags":[4479,1495,389,4480,685],"class_list":["post-25467","post","type-post","status-publish","format-standard","hentry","category-belfold","category-kultura","category-szabadido","tag-danko-pista","tag-emleknap","tag-program","tag-vendeglo","tag-zenekar"],"_links":{"self":[{"href":"https:\/\/www.agriatv.hu\/index.php?rest_route=\/wp\/v2\/posts\/25467","targetHints":{"allow":["GET"]}}],"collection":[{"href":"https:\/\/www.agriatv.hu\/index.php?rest_route=\/wp\/v2\/posts"}],"about":[{"href":"https:\/\/www.agriatv.hu\/index.php?rest_route=\/wp\/v2\/types\/post"}],"author":[{"embeddable":true,"href":"https:\/\/www.agriatv.hu\/index.php?rest_route=\/wp\/v2\/users\/4"}],"replies":[{"embeddable":true,"href":"https:\/\/www.agriatv.hu\/index.php?rest_route=%2Fwp%2Fv2%2Fcomments&post=25467"}],"version-history":[{"count":1,"href":"https:\/\/www.agriatv.hu\/index.php?rest_route=\/wp\/v2\/posts\/25467\/revisions"}],"predecessor-version":[{"id":25468,"href":"https:\/\/www.agriatv.hu\/index.php?rest_route=\/wp\/v2\/posts\/25467\/revisions\/25468"}],"wp:attachment":[{"href":"https:\/\/www.agriatv.hu\/index.php?rest_route=%2Fwp%2Fv2%2Fmedia&parent=25467"}],"wp:term":[{"taxonomy":"category","embeddable":true,"href":"https:\/\/www.agriatv.hu\/index.php?rest_route=%2Fwp%2Fv2%2Fcategories&post=25467"},{"taxonomy":"post_tag","embeddable":true,"href":"https:\/\/www.agriatv.hu\/index.php?rest_route=%2Fwp%2Fv2%2Ftags&post=25467"}],"curies":[{"name":"wp","href":"https:\/\/api.w.org\/{rel}","templated":true}]}}