{"id":25577,"date":"2025-09-08T17:42:33","date_gmt":"2025-09-08T17:42:33","guid":{"rendered":"https:\/\/www.agriatv.hu\/?p=25577"},"modified":"2025-09-08T17:42:35","modified_gmt":"2025-09-08T17:42:35","slug":"villamarviz-jegeso-pusztitott-keleten","status":"publish","type":"post","link":"https:\/\/www.agriatv.hu\/?p=25577","title":{"rendered":"Vill\u00e1m\u00e1rv\u00edz, j\u00e9ges\u0151 puszt\u00edtott keleten"},"content":{"rendered":"<div class=\"wp-block-image\">\n<figure class=\"alignleft is-resized\"><img decoding=\"async\" src=\"https:\/\/cdn.tenyek.hu\/media\/2\/29\/29c2ee4877570a3655ce4df4ca0439c7.jpg\" alt=\"Media player poster frame\" style=\"width:228px;height:auto\"\/><\/figure>\n<\/div>\n\n\n<p>Brut\u00e1lis j\u00e9ges\u0151 csapott le J\u00e1sz-Nagykun-Szolnok \u00e9s Heves v\u00e1rmegy\u00e9re vas\u00e1rnap \u00e9jjel. El\u00e1ztatta a vetem\u00e9nyeseket a rengeteg csapad\u00e9k, az ereszcsatorn\u00e1k sem b\u00edrt\u00e1k elvezetni az es\u0151t, az utc\u00e1kat pedig vill\u00e1m\u00e1rad\u00e1s \u00f6nt\u00f6tte el, az aut\u00f3k k\u00fcsz\u00f6b\u00e9ig \u00e9rt a v\u00edz. Volt, aki a h\u00e1z\u00e1b\u00f3l sem tudott kimenni a vihar miatt. Egy hideg l\u00e9g\u00f6rv\u00e9ny miatt alakultak ki a zivatarok \u00e9s kedd \u00e9jszaka is hasonl\u00f3 id\u0151j\u00e1r\u00e1s v\u00e1rhat\u00f3.<\/p>\n\n\n\n<div style=\"width: 100%; aspect-ratio: 16\/9; position: relative;\"><iframe src=\"https:\/\/tenyek.hu\/embed\/62965_villamarviz-jegeso-pusztitott-keleten?autoplay=0\" frameborder=\"0\" allow=\"fullscreen; encrypted-media; autoplay\" style=\"width: 100%; height: 100%; position: absolute;\"><\/iframe><\/div>\n","protected":false},"excerpt":{"rendered":"<p>Brut\u00e1lis j\u00e9ges\u0151 csapott le J\u00e1sz-Nagykun-Szolnok \u00e9s Heves v\u00e1rmegy\u00e9re vas\u00e1rnap \u00e9jjel. El\u00e1ztatta a vetem\u00e9nyeseket a rengeteg csapad\u00e9k, az ereszcsatorn\u00e1k sem b\u00edrt\u00e1k elvezetni az es\u0151t, az utc\u00e1kat pedig vill\u00e1m\u00e1rad\u00e1s \u00f6nt\u00f6tte el, az aut\u00f3k k\u00fcsz\u00f6b\u00e9ig \u00e9rt a v\u00edz. Volt, aki a h\u00e1z\u00e1b\u00f3l sem tudott kimenni a vihar miatt. Egy hideg l\u00e9g\u00f6rv\u00e9ny miatt alakultak ki a zivatarok \u00e9s kedd [&#8230;]<\/p>\n","protected":false},"author":4,"featured_media":0,"comment_status":"open","ping_status":"closed","sticky":false,"template":"","format":"standard","meta":{"footnotes":""},"categories":[6,4],"tags":[1623,101,899,196,195,2516],"class_list":["post-25577","post","type-post","status-publish","format-standard","hentry","category-belfold","category-szabadido","tag-arviz","tag-csapadek","tag-idojaras","tag-kar","tag-vihar","tag-zivatar"],"_links":{"self":[{"href":"https:\/\/www.agriatv.hu\/index.php?rest_route=\/wp\/v2\/posts\/25577","targetHints":{"allow":["GET"]}}],"collection":[{"href":"https:\/\/www.agriatv.hu\/index.php?rest_route=\/wp\/v2\/posts"}],"about":[{"href":"https:\/\/www.agriatv.hu\/index.php?rest_route=\/wp\/v2\/types\/post"}],"author":[{"embeddable":true,"href":"https:\/\/www.agriatv.hu\/index.php?rest_route=\/wp\/v2\/users\/4"}],"replies":[{"embeddable":true,"href":"https:\/\/www.agriatv.hu\/index.php?rest_route=%2Fwp%2Fv2%2Fcomments&post=25577"}],"version-history":[{"count":1,"href":"https:\/\/www.agriatv.hu\/index.php?rest_route=\/wp\/v2\/posts\/25577\/revisions"}],"predecessor-version":[{"id":25578,"href":"https:\/\/www.agriatv.hu\/index.php?rest_route=\/wp\/v2\/posts\/25577\/revisions\/25578"}],"wp:attachment":[{"href":"https:\/\/www.agriatv.hu\/index.php?rest_route=%2Fwp%2Fv2%2Fmedia&parent=25577"}],"wp:term":[{"taxonomy":"category","embeddable":true,"href":"https:\/\/www.agriatv.hu\/index.php?rest_route=%2Fwp%2Fv2%2Fcategories&post=25577"},{"taxonomy":"post_tag","embeddable":true,"href":"https:\/\/www.agriatv.hu\/index.php?rest_route=%2Fwp%2Fv2%2Ftags&post=25577"}],"curies":[{"name":"wp","href":"https:\/\/api.w.org\/{rel}","templated":true}]}}