{"id":25579,"date":"2025-09-14T16:50:32","date_gmt":"2025-09-14T16:50:32","guid":{"rendered":"https:\/\/www.agriatv.hu\/?p=25579"},"modified":"2025-09-14T16:50:34","modified_gmt":"2025-09-14T16:50:34","slug":"lanya-szeme-lattara-oltek-meg-az-anyat","status":"publish","type":"post","link":"https:\/\/www.agriatv.hu\/?p=25579","title":{"rendered":"L\u00e1nya szeme l\u00e1tt\u00e1ra \u00f6lt\u00e9k meg az any\u00e1t"},"content":{"rendered":"<div class=\"wp-block-image\">\n<figure class=\"alignleft is-resized\"><img decoding=\"async\" src=\"https:\/\/cdn.tenyek.hu\/media\/6\/6b\/6b042186aeb6a1a8264b3ec5e5aa787e.jpg\" alt=\"Media player poster frame\" style=\"width:236px;height:auto\"\/><\/figure>\n<\/div>\n\n\n<p>Nyolc\u00e9ves kisl\u00e1nya szeme l\u00e1tt\u00e1ra gyilkolt meg egy n\u0151t a saj\u00e1t b\u00e1tyja Ecsegen, N\u00f3gr\u00e1dban. Nem tudni, mi\u00e9rt t\u00e1madt r\u00e1, de a helyiek szerint kor\u00e1bban is megverte m\u00e1r a daganatos betegs\u00e9gb\u0151l l\u00e1badoz\u00f3 n\u0151t. Miut\u00e1n hal\u00e1lra k\u00e9selte, a gyilkos felh\u00edvta a rend\u0151r\u00f6ket \u00e9s azt \u00e1ll\u00edtotta, hogy holtan tal\u00e1lta a h\u00fag\u00e1t a h\u00e1zban. Nem hittek neki, az\u00f3ta m\u00e1r \u0151rizetbe is vett\u00e9k.<\/p>\n\n\n\n<div style=\"width: 100%; aspect-ratio: 16\/9; position: relative;\"><iframe src=\"https:\/\/tenyek.hu\/embed\/63160_lanya-szeme-lattara-oltek-meg-az-anyat?autoplay=0\" frameborder=\"0\" allow=\"fullscreen; encrypted-media; autoplay\" style=\"width: 100%; height: 100%; position: absolute;\"><\/iframe><\/div>\n\n\n\n<div style=\"width: 100%; aspect-ratio: 16\/9; position: relative;\"><iframe src=\"https:\/\/embed.rtl.hu\/embed\/2554217?autoplay=0\" frameborder=\"0\" allow=\"fullscreen; encrypted-media; autoplay\" style=\"width: 100%; height: 100%; position: absolute;\"><\/iframe><\/div>\n","protected":false},"excerpt":{"rendered":"<p>Nyolc\u00e9ves kisl\u00e1nya szeme l\u00e1tt\u00e1ra gyilkolt meg egy n\u0151t a saj\u00e1t b\u00e1tyja Ecsegen, N\u00f3gr\u00e1dban. Nem tudni, mi\u00e9rt t\u00e1madt r\u00e1, de a helyiek szerint kor\u00e1bban is megverte m\u00e1r a daganatos betegs\u00e9gb\u0151l l\u00e1badoz\u00f3 n\u0151t. Miut\u00e1n hal\u00e1lra k\u00e9selte, a gyilkos felh\u00edvta a rend\u0151r\u00f6ket \u00e9s azt \u00e1ll\u00edtotta, hogy holtan tal\u00e1lta a h\u00fag\u00e1t a h\u00e1zban. Nem hittek neki, az\u00f3ta m\u00e1r \u0151rizetbe [&#8230;]<\/p>\n","protected":false},"author":4,"featured_media":0,"comment_status":"open","ping_status":"closed","sticky":false,"template":"","format":"standard","meta":{"footnotes":""},"categories":[5],"tags":[3827,2082,320,1868,1370,122,2486],"class_list":["post-25579","post","type-post","status-publish","format-standard","hentry","category-kek-hirek","tag-ecseg","tag-emberoles","tag-gyermek","tag-keseles","tag-no","tag-rendorseg","tag-testver"],"_links":{"self":[{"href":"https:\/\/www.agriatv.hu\/index.php?rest_route=\/wp\/v2\/posts\/25579","targetHints":{"allow":["GET"]}}],"collection":[{"href":"https:\/\/www.agriatv.hu\/index.php?rest_route=\/wp\/v2\/posts"}],"about":[{"href":"https:\/\/www.agriatv.hu\/index.php?rest_route=\/wp\/v2\/types\/post"}],"author":[{"embeddable":true,"href":"https:\/\/www.agriatv.hu\/index.php?rest_route=\/wp\/v2\/users\/4"}],"replies":[{"embeddable":true,"href":"https:\/\/www.agriatv.hu\/index.php?rest_route=%2Fwp%2Fv2%2Fcomments&post=25579"}],"version-history":[{"count":1,"href":"https:\/\/www.agriatv.hu\/index.php?rest_route=\/wp\/v2\/posts\/25579\/revisions"}],"predecessor-version":[{"id":25580,"href":"https:\/\/www.agriatv.hu\/index.php?rest_route=\/wp\/v2\/posts\/25579\/revisions\/25580"}],"wp:attachment":[{"href":"https:\/\/www.agriatv.hu\/index.php?rest_route=%2Fwp%2Fv2%2Fmedia&parent=25579"}],"wp:term":[{"taxonomy":"category","embeddable":true,"href":"https:\/\/www.agriatv.hu\/index.php?rest_route=%2Fwp%2Fv2%2Fcategories&post=25579"},{"taxonomy":"post_tag","embeddable":true,"href":"https:\/\/www.agriatv.hu\/index.php?rest_route=%2Fwp%2Fv2%2Ftags&post=25579"}],"curies":[{"name":"wp","href":"https:\/\/api.w.org\/{rel}","templated":true}]}}