{"id":25629,"date":"2025-10-26T07:22:40","date_gmt":"2025-10-26T07:22:40","guid":{"rendered":"https:\/\/www.agriatv.hu\/?p=25629"},"modified":"2025-10-27T18:11:48","modified_gmt":"2025-10-27T18:11:48","slug":"a-retteges-osvenyen-is-setalhattak","status":"publish","type":"post","link":"https:\/\/www.agriatv.hu\/?p=25629","title":{"rendered":"A retteg\u00e9s \u00f6sv\u00e9ny\u00e9n is s\u00e9t\u00e1lhattak"},"content":{"rendered":"<div class=\"wp-block-image\">\n<figure class=\"alignleft is-resized\"><img decoding=\"async\" src=\"https:\/\/cdn.tenyek.hu\/media\/4\/4d\/4ddab56b754733082d8603a3583fcd4c.jpg\" alt=\"Media player poster frame\" style=\"width:278px;height:auto\"\/><\/figure>\n<\/div>\n\n\n<p>Var\u00e1zsl\u00f3knak \u00e9s boszork\u00e1nyoknak \u00f6lt\u00f6ztek, \u00edgy kedvezm\u00e9nyesen mehettek be a l\u00e1togat\u00f3k a Gy\u00f6ngy\u00f6si \u00c1llatkert el\u0151 Halloween napj\u00e1ra. Sokan ki is festett\u00e9k magukat, a legjobb jelmezekre ugyanis szavazni lehet az \u00c1llatkert k\u00f6z\u00f6ss\u00e9gi oldal\u00e1n, a gy\u0151ztest h\u00e9tf\u0151n hirdetik majd ki. A szombati rendezv\u00e9nyen t\u00f6k\u00f6s l\u00e1tv\u00e1nyetet\u00e9s \u00e9s \u00e9dess\u00e9ggy\u0171jt\u00e9s is volt, a legb\u00e1trabbak pedig a retteg\u00e9s \u00f6sv\u00e9ny\u00e9n is v\u00e9gigs\u00e9t\u00e1lhatnak.<\/p>\n\n\n\n<div style=\"width: 100%; aspect-ratio: 16\/9; position: relative;\"><iframe src=\"https:\/\/tenyek.hu\/embed\/64540_a-retteges-osvenyen-is-setalhattak?autoplay=0\" frameborder=\"0\" allow=\"fullscreen; encrypted-media; autoplay\" style=\"width: 100%; height: 100%; position: absolute;\"><\/iframe><\/div>\n","protected":false},"excerpt":{"rendered":"<p>Var\u00e1zsl\u00f3knak \u00e9s boszork\u00e1nyoknak \u00f6lt\u00f6ztek, \u00edgy kedvezm\u00e9nyesen mehettek be a l\u00e1togat\u00f3k a Gy\u00f6ngy\u00f6si \u00c1llatkert el\u0151 Halloween napj\u00e1ra. Sokan ki is festett\u00e9k magukat, a legjobb jelmezekre ugyanis szavazni lehet az \u00c1llatkert k\u00f6z\u00f6ss\u00e9gi oldal\u00e1n, a gy\u0151ztest h\u00e9tf\u0151n hirdetik majd ki. A szombati rendezv\u00e9nyen t\u00f6k\u00f6s l\u00e1tv\u00e1nyetet\u00e9s \u00e9s \u00e9dess\u00e9ggy\u0171jt\u00e9s is volt, a legb\u00e1trabbak pedig a retteg\u00e9s \u00f6sv\u00e9ny\u00e9n is v\u00e9gigs\u00e9t\u00e1lhatnak.<\/p>\n","protected":false},"author":4,"featured_media":0,"comment_status":"closed","ping_status":"closed","sticky":false,"template":"","format":"standard","meta":{"footnotes":""},"categories":[6,4],"tags":[1225,235,3774,489,4536],"class_list":["post-25629","post","type-post","status-publish","format-standard","hentry","category-belfold","category-szabadido","tag-allatkert","tag-gyongyos","tag-halloween","tag-latogato","tag-varazslo"],"_links":{"self":[{"href":"https:\/\/www.agriatv.hu\/index.php?rest_route=\/wp\/v2\/posts\/25629","targetHints":{"allow":["GET"]}}],"collection":[{"href":"https:\/\/www.agriatv.hu\/index.php?rest_route=\/wp\/v2\/posts"}],"about":[{"href":"https:\/\/www.agriatv.hu\/index.php?rest_route=\/wp\/v2\/types\/post"}],"author":[{"embeddable":true,"href":"https:\/\/www.agriatv.hu\/index.php?rest_route=\/wp\/v2\/users\/4"}],"replies":[{"embeddable":true,"href":"https:\/\/www.agriatv.hu\/index.php?rest_route=%2Fwp%2Fv2%2Fcomments&post=25629"}],"version-history":[{"count":2,"href":"https:\/\/www.agriatv.hu\/index.php?rest_route=\/wp\/v2\/posts\/25629\/revisions"}],"predecessor-version":[{"id":25631,"href":"https:\/\/www.agriatv.hu\/index.php?rest_route=\/wp\/v2\/posts\/25629\/revisions\/25631"}],"wp:attachment":[{"href":"https:\/\/www.agriatv.hu\/index.php?rest_route=%2Fwp%2Fv2%2Fmedia&parent=25629"}],"wp:term":[{"taxonomy":"category","embeddable":true,"href":"https:\/\/www.agriatv.hu\/index.php?rest_route=%2Fwp%2Fv2%2Fcategories&post=25629"},{"taxonomy":"post_tag","embeddable":true,"href":"https:\/\/www.agriatv.hu\/index.php?rest_route=%2Fwp%2Fv2%2Ftags&post=25629"}],"curies":[{"name":"wp","href":"https:\/\/api.w.org\/{rel}","templated":true}]}}