{"id":25632,"date":"2025-10-27T18:14:40","date_gmt":"2025-10-27T18:14:40","guid":{"rendered":"https:\/\/www.agriatv.hu\/?p=25632"},"modified":"2025-10-27T18:14:42","modified_gmt":"2025-10-27T18:14:42","slug":"botokkal-vertek-a-magatehetetlen-ferfit","status":"publish","type":"post","link":"https:\/\/www.agriatv.hu\/?p=25632","title":{"rendered":"Botokkal vert\u00e9k a magatehetetlen f\u00e9rfit"},"content":{"rendered":"<div class=\"wp-block-image\">\n<figure class=\"alignleft is-resized\"><img decoding=\"async\" src=\"https:\/\/cdn.tenyek.hu\/media\/2\/2f\/2fd7f63cc94a8ca2d724b0efbb7fbdf8.jpg\" alt=\"Media player poster frame\" style=\"width:264px;height:auto\"\/><\/figure>\n<\/div>\n\n\n<p>F\u00e9lholtra vertek, majd \u00f6sszerugdostak egy f\u00f6ld\u00f6n fekv\u0151 f\u00e9rfit a N\u00f3gr\u00e1d v\u00e1rmegyei Nagyl\u00f3con. A kegyetlens\u00e9gr\u0151l vide\u00f3 is k\u00e9sz\u00fclt, amin l\u00e1tszik, hogy az \u00e1ldozat anyj\u00e1t is egy f\u00e9rfi l\u00f6kd\u00f6ste. A n\u0151 csak a T\u00e9nyeknek nyilatkozott. Elmond\u00e1sa szerint nem tudja, mi\u00e9rt vert\u00e9k meg a fi\u00e1t, akit s\u00falyos s\u00e9r\u00fcl\u00e9sekkel ment\u0151 vitt k\u00f3rh\u00e1zba. A rend\u0151rs\u00e9g nyomoz.<\/p>\n\n\n\n<div style=\"width: 100%; aspect-ratio: 16\/9; position: relative;\"><iframe src=\"https:\/\/tenyek.hu\/embed\/64583_botokkal-vertek-a-magatehetetlen-ferfit?autoplay=0\" frameborder=\"0\" allow=\"fullscreen; encrypted-media; autoplay\" style=\"width: 100%; height: 100%; position: absolute;\"><\/iframe><\/div>\n","protected":false},"excerpt":{"rendered":"<p>F\u00e9lholtra vertek, majd \u00f6sszerugdostak egy f\u00f6ld\u00f6n fekv\u0151 f\u00e9rfit a N\u00f3gr\u00e1d v\u00e1rmegyei Nagyl\u00f3con. A kegyetlens\u00e9gr\u0151l vide\u00f3 is k\u00e9sz\u00fclt, amin l\u00e1tszik, hogy az \u00e1ldozat anyj\u00e1t is egy f\u00e9rfi l\u00f6kd\u00f6ste. A n\u0151 csak a T\u00e9nyeknek nyilatkozott. Elmond\u00e1sa szerint nem tudja, mi\u00e9rt vert\u00e9k meg a fi\u00e1t, akit s\u00falyos s\u00e9r\u00fcl\u00e9sekkel ment\u0151 vitt k\u00f3rh\u00e1zba. A rend\u0151rs\u00e9g nyomoz.<\/p>\n","protected":false},"author":4,"featured_media":0,"comment_status":"closed","ping_status":"closed","sticky":false,"template":"","format":"standard","meta":{"footnotes":""},"categories":[5],"tags":[3547,4129,458,1565,2127],"class_list":["post-25632","post","type-post","status-publish","format-standard","hentry","category-kek-hirek","tag-kegyetlen","tag-nagyloc","tag-serult","tag-veres","tag-video"],"_links":{"self":[{"href":"https:\/\/www.agriatv.hu\/index.php?rest_route=\/wp\/v2\/posts\/25632","targetHints":{"allow":["GET"]}}],"collection":[{"href":"https:\/\/www.agriatv.hu\/index.php?rest_route=\/wp\/v2\/posts"}],"about":[{"href":"https:\/\/www.agriatv.hu\/index.php?rest_route=\/wp\/v2\/types\/post"}],"author":[{"embeddable":true,"href":"https:\/\/www.agriatv.hu\/index.php?rest_route=\/wp\/v2\/users\/4"}],"replies":[{"embeddable":true,"href":"https:\/\/www.agriatv.hu\/index.php?rest_route=%2Fwp%2Fv2%2Fcomments&post=25632"}],"version-history":[{"count":1,"href":"https:\/\/www.agriatv.hu\/index.php?rest_route=\/wp\/v2\/posts\/25632\/revisions"}],"predecessor-version":[{"id":25633,"href":"https:\/\/www.agriatv.hu\/index.php?rest_route=\/wp\/v2\/posts\/25632\/revisions\/25633"}],"wp:attachment":[{"href":"https:\/\/www.agriatv.hu\/index.php?rest_route=%2Fwp%2Fv2%2Fmedia&parent=25632"}],"wp:term":[{"taxonomy":"category","embeddable":true,"href":"https:\/\/www.agriatv.hu\/index.php?rest_route=%2Fwp%2Fv2%2Fcategories&post=25632"},{"taxonomy":"post_tag","embeddable":true,"href":"https:\/\/www.agriatv.hu\/index.php?rest_route=%2Fwp%2Fv2%2Ftags&post=25632"}],"curies":[{"name":"wp","href":"https:\/\/api.w.org\/{rel}","templated":true}]}}