{"id":25724,"date":"2026-01-19T19:06:21","date_gmt":"2026-01-19T19:06:21","guid":{"rendered":"https:\/\/www.agriatv.hu\/?p=25724"},"modified":"2026-01-19T19:06:22","modified_gmt":"2026-01-19T19:06:22","slug":"muflont-teptek-szet-farkasok-a-matraban","status":"publish","type":"post","link":"https:\/\/www.agriatv.hu\/?p=25724","title":{"rendered":"Muflont t\u00e9ptek sz\u00e9t farkasok a M\u00e1tr\u00e1ban"},"content":{"rendered":"<div class=\"wp-block-image\">\n<figure class=\"alignleft is-resized\"><img decoding=\"async\" src=\"https:\/\/media.tenyek.hu\/2026\/01\/VEndq9xZnQ9FvcVFCLJ9Nd-35eEYptNoXV5B9O0vXIs\/fill\/0\/0\/no\/1\/aHR0cHM6Ly9jZG4ucHJvZC5mYXJtLnRlbnllay5odS9jb250ZW50LzAyODg2YTNjZmQ0ZDQwNmU4MWNjODE1Yzk0NzE0NjUz.webp\" alt=\"\" style=\"width:276px;height:auto\"\/><\/figure>\n<\/div>\n\n\n<p>M\u00e1traf\u00fcreden vas\u00e1rnap reggel egy sz\u00e9tt\u00e9pett muflont tal\u00e1ltak a helyiek lakott ter\u00fcleten bel\u00fcl, egy forgalmas turista\u00fat mellett. A nyomok alapj\u00e1n farkasok t\u00e1madhatt\u00e1k meg. A k\u00f6rny\u00e9ken \u00e9l\u0151k most rettegnek, mert a ragadoz\u00f3k m\u00e1r eg\u00e9szen a j\u00e1tsz\u00f3t\u00e9rig mer\u00e9szkedtek. A szakember szerint azonban a farkas nem t\u00e1mad emberre, ink\u00e1bb elb\u00fajik el\u0151le.<\/p>\n\n\n\n<iframe loading=\"lazy\" width=\"640\" height=\"360\" src=\"https:\/\/tenyek.hu\/embed\/muflont-teptek-szet-farkasok-a-matraban\" style=\"border:none;\" allowfullscreen allow=\"autoplay; fullscreen; picture-in-picture; xr-spatial-tracking; encrypted-media\"><\/iframe>\n","protected":false},"excerpt":{"rendered":"<p>M\u00e1traf\u00fcreden vas\u00e1rnap reggel egy sz\u00e9tt\u00e9pett muflont tal\u00e1ltak a helyiek lakott ter\u00fcleten bel\u00fcl, egy forgalmas turista\u00fat mellett. A nyomok alapj\u00e1n farkasok t\u00e1madhatt\u00e1k meg. A k\u00f6rny\u00e9ken \u00e9l\u0151k most rettegnek, mert a ragadoz\u00f3k m\u00e1r eg\u00e9szen a j\u00e1tsz\u00f3t\u00e9rig mer\u00e9szkedtek. A szakember szerint azonban a farkas nem t\u00e1mad emberre, ink\u00e1bb elb\u00fajik el\u0151le.<\/p>\n","protected":false},"author":4,"featured_media":0,"comment_status":"closed","ping_status":"closed","sticky":false,"template":"","format":"standard","meta":{"footnotes":""},"categories":[6],"tags":[4560,4092,1814,2738,1613,4559],"class_list":["post-25724","post","type-post","status-publish","format-standard","hentry","category-belfold","tag-elbujik","tag-ember","tag-farkas","tag-matrafured","tag-muflon","tag-turistaut"],"_links":{"self":[{"href":"https:\/\/www.agriatv.hu\/index.php?rest_route=\/wp\/v2\/posts\/25724","targetHints":{"allow":["GET"]}}],"collection":[{"href":"https:\/\/www.agriatv.hu\/index.php?rest_route=\/wp\/v2\/posts"}],"about":[{"href":"https:\/\/www.agriatv.hu\/index.php?rest_route=\/wp\/v2\/types\/post"}],"author":[{"embeddable":true,"href":"https:\/\/www.agriatv.hu\/index.php?rest_route=\/wp\/v2\/users\/4"}],"replies":[{"embeddable":true,"href":"https:\/\/www.agriatv.hu\/index.php?rest_route=%2Fwp%2Fv2%2Fcomments&post=25724"}],"version-history":[{"count":1,"href":"https:\/\/www.agriatv.hu\/index.php?rest_route=\/wp\/v2\/posts\/25724\/revisions"}],"predecessor-version":[{"id":25725,"href":"https:\/\/www.agriatv.hu\/index.php?rest_route=\/wp\/v2\/posts\/25724\/revisions\/25725"}],"wp:attachment":[{"href":"https:\/\/www.agriatv.hu\/index.php?rest_route=%2Fwp%2Fv2%2Fmedia&parent=25724"}],"wp:term":[{"taxonomy":"category","embeddable":true,"href":"https:\/\/www.agriatv.hu\/index.php?rest_route=%2Fwp%2Fv2%2Fcategories&post=25724"},{"taxonomy":"post_tag","embeddable":true,"href":"https:\/\/www.agriatv.hu\/index.php?rest_route=%2Fwp%2Fv2%2Ftags&post=25724"}],"curies":[{"name":"wp","href":"https:\/\/api.w.org\/{rel}","templated":true}]}}