{"id":25728,"date":"2026-01-25T17:33:37","date_gmt":"2026-01-25T17:33:37","guid":{"rendered":"https:\/\/www.agriatv.hu\/?p=25728"},"modified":"2026-01-25T17:33:39","modified_gmt":"2026-01-25T17:33:39","slug":"mar-korabban-is-szaguldozott-az-amokfuto","status":"publish","type":"post","link":"https:\/\/www.agriatv.hu\/?p=25728","title":{"rendered":"M\u00e1r kor\u00e1bban is sz\u00e1guldozott az \u00e1mokfut\u00f3"},"content":{"rendered":"<div class=\"wp-block-image\">\n<figure class=\"alignleft is-resized\"><img decoding=\"async\" src=\"https:\/\/media.tenyek.hu\/2026\/01\/-veXZV_T0ER5clt_dv7J-dRz_Hf8FQedc3OHBgieb-c\/fill\/0\/0\/no\/1\/aHR0cHM6Ly9jZG4ucHJvZC5mYXJtLnRlbnllay5odS9jb250ZW50LzA4ZTgzMzZkNjI0MDQ5NmU5M2I5ZTY1MGM1MThjMDIz.webp\" alt=\"\" style=\"width:248px;height:auto\"\/><\/figure>\n<\/div>\n\n\n<p>\u00dcv\u00f6lt\u0151 zen\u00e9t hallgatva sz\u00e1guldozik vagy a brut\u00e1lis gyorshajt\u00e1sokkal dicsekszik, rengeteg ilyen vide\u00f3t t\u00f6lt\u00f6tt fel az internetre az a f\u00e9rfi, aki szombaton d\u00e9lut\u00e1n tot\u00e1lk\u00e1rosra t\u00f6rt h\u00e1rom parkol\u00f3 aut\u00f3t Gy\u00f6ngy\u00f6s\u00f6n. A 21 \u00e9ves f\u00e9rfi az egyik kocsit felbor\u00edtotta, majd felrep\u00fclt \u00e9s letarolt m\u00e9g kett\u0151t. M\u00e1skor 200-zal majdnem nekiment egy v\u00e9tlen sof\u0151rnek, err\u0151l vide\u00f3t is k\u00e9sz\u00edtett, kor\u00e1bban az \u00e1mokfut\u00f3 ellen m\u00e1r elj\u00e1r\u00e1s is indult.<\/p>\n\n\n\n<iframe loading=\"lazy\" width=\"640\" height=\"360\" src=\"https:\/\/tenyek.hu\/embed\/mar-korabban-is-szaguldozott-az-amokfuto\" style=\"border:none;\" allowfullscreen allow=\"autoplay; fullscreen; picture-in-picture; xr-spatial-tracking; encrypted-media\"><\/iframe>\n","protected":false},"excerpt":{"rendered":"<p>\u00dcv\u00f6lt\u0151 zen\u00e9t hallgatva sz\u00e1guldozik vagy a brut\u00e1lis gyorshajt\u00e1sokkal dicsekszik, rengeteg ilyen vide\u00f3t t\u00f6lt\u00f6tt fel az internetre az a f\u00e9rfi, aki szombaton d\u00e9lut\u00e1n tot\u00e1lk\u00e1rosra t\u00f6rt h\u00e1rom parkol\u00f3 aut\u00f3t Gy\u00f6ngy\u00f6s\u00f6n. A 21 \u00e9ves f\u00e9rfi az egyik kocsit felbor\u00edtotta, majd felrep\u00fclt \u00e9s letarolt m\u00e9g kett\u0151t. M\u00e1skor 200-zal majdnem nekiment egy v\u00e9tlen sof\u0151rnek, err\u0151l vide\u00f3t is k\u00e9sz\u00edtett, kor\u00e1bban az [&#8230;]<\/p>\n","protected":false},"author":4,"featured_media":0,"comment_status":"closed","ping_status":"closed","sticky":false,"template":"","format":"standard","meta":{"footnotes":""},"categories":[5],"tags":[41,1617,235,980,458],"class_list":["post-25728","post","type-post","status-publish","format-standard","hentry","category-kek-hirek","tag-baleset","tag-eljaras","tag-gyongyos","tag-gyorshajtas","tag-serult"],"_links":{"self":[{"href":"https:\/\/www.agriatv.hu\/index.php?rest_route=\/wp\/v2\/posts\/25728","targetHints":{"allow":["GET"]}}],"collection":[{"href":"https:\/\/www.agriatv.hu\/index.php?rest_route=\/wp\/v2\/posts"}],"about":[{"href":"https:\/\/www.agriatv.hu\/index.php?rest_route=\/wp\/v2\/types\/post"}],"author":[{"embeddable":true,"href":"https:\/\/www.agriatv.hu\/index.php?rest_route=\/wp\/v2\/users\/4"}],"replies":[{"embeddable":true,"href":"https:\/\/www.agriatv.hu\/index.php?rest_route=%2Fwp%2Fv2%2Fcomments&post=25728"}],"version-history":[{"count":1,"href":"https:\/\/www.agriatv.hu\/index.php?rest_route=\/wp\/v2\/posts\/25728\/revisions"}],"predecessor-version":[{"id":25729,"href":"https:\/\/www.agriatv.hu\/index.php?rest_route=\/wp\/v2\/posts\/25728\/revisions\/25729"}],"wp:attachment":[{"href":"https:\/\/www.agriatv.hu\/index.php?rest_route=%2Fwp%2Fv2%2Fmedia&parent=25728"}],"wp:term":[{"taxonomy":"category","embeddable":true,"href":"https:\/\/www.agriatv.hu\/index.php?rest_route=%2Fwp%2Fv2%2Fcategories&post=25728"},{"taxonomy":"post_tag","embeddable":true,"href":"https:\/\/www.agriatv.hu\/index.php?rest_route=%2Fwp%2Fv2%2Ftags&post=25728"}],"curies":[{"name":"wp","href":"https:\/\/api.w.org\/{rel}","templated":true}]}}