{"id":25730,"date":"2026-01-27T18:02:03","date_gmt":"2026-01-27T18:02:03","guid":{"rendered":"https:\/\/www.agriatv.hu\/?p=25730"},"modified":"2026-01-27T18:02:38","modified_gmt":"2026-01-27T18:02:38","slug":"fekete-jeg-az-utakon-rengeteg-baleset","status":"publish","type":"post","link":"https:\/\/www.agriatv.hu\/?p=25730","title":{"rendered":"Fekete j\u00e9g az utakon, rengeteg baleset"},"content":{"rendered":"<div class=\"wp-block-image\">\n<figure class=\"alignleft is-resized\"><img decoding=\"async\" src=\"https:\/\/media.tenyek.hu\/2026\/01\/QuXT_niygCwtxY9nGz96QaQoBYw2A98BA9mhvB1paZc\/fill\/0\/0\/no\/1\/aHR0cHM6Ly9jZG4ucHJvZC5mYXJtLnRlbnllay5odS9jb250ZW50L2I4YTI4ZGYyZWFlYTQ2MDI4NjYzMTJmNTkzYTg5NTU3.webp\" alt=\"\" style=\"width:200px;height:auto\"\/><\/figure>\n<\/div>\n\n\n<p>Front\u00e1lisan \u00fctk\u00f6z\u00f6tt k\u00e9t aut\u00f3 Mik\u00f3falv\u00e1n\u00e1l, k\u00e9t s\u00e9r\u00fcltet vittek k\u00f3rh\u00e1zba, m\u00edg let\u00e9rt az \u00fatr\u00f3l \u00e9s felborult egy kocsi Egerszal\u00f3k k\u00f6rny\u00e9k\u00e9n. N\u00e9h\u00e1ny \u00f3ra alatt csaknem 30 baleset volt a cs\u00fasz\u00f3s, jeges utakon, a ment\u0151k meg\u00e1ll\u00e1s n\u00e9lk\u00fcl dolgoztak. Sopronban hal\u00e1los baleset is t\u00f6rt\u00e9nt. Egy temet\u0151 ker\u00edt\u00e9s\u00e9nek csap\u00f3dott egy robog\u00f3s.<\/p>\n\n\n\n<iframe loading=\"lazy\" width=\"640\" height=\"360\" src=\"https:\/\/tenyek.hu\/embed\/fekete-jeg-az-utakon-rengeteg-baleset\" style=\"border:none;\" allowfullscreen allow=\"autoplay; fullscreen; picture-in-picture; xr-spatial-tracking; encrypted-media\"><\/iframe>\n","protected":false},"excerpt":{"rendered":"<p>Front\u00e1lisan \u00fctk\u00f6z\u00f6tt k\u00e9t aut\u00f3 Mik\u00f3falv\u00e1n\u00e1l, k\u00e9t s\u00e9r\u00fcltet vittek k\u00f3rh\u00e1zba, m\u00edg let\u00e9rt az \u00fatr\u00f3l \u00e9s felborult egy kocsi Egerszal\u00f3k k\u00f6rny\u00e9k\u00e9n. N\u00e9h\u00e1ny \u00f3ra alatt csaknem 30 baleset volt a cs\u00fasz\u00f3s, jeges utakon, a ment\u0151k meg\u00e1ll\u00e1s n\u00e9lk\u00fcl dolgoztak. Sopronban hal\u00e1los baleset is t\u00f6rt\u00e9nt. Egy temet\u0151 ker\u00edt\u00e9s\u00e9nek csap\u00f3dott egy robog\u00f3s.<\/p>\n","protected":false},"author":4,"featured_media":0,"comment_status":"closed","ping_status":"closed","sticky":false,"template":"","format":"standard","meta":{"footnotes":""},"categories":[5],"tags":[3201,1304,1122,458,2823],"class_list":["post-25730","post","type-post","status-publish","format-standard","hentry","category-kek-hirek","tag-balset","tag-jeg","tag-sebesseg","tag-serult","tag-utkozes"],"_links":{"self":[{"href":"https:\/\/www.agriatv.hu\/index.php?rest_route=\/wp\/v2\/posts\/25730","targetHints":{"allow":["GET"]}}],"collection":[{"href":"https:\/\/www.agriatv.hu\/index.php?rest_route=\/wp\/v2\/posts"}],"about":[{"href":"https:\/\/www.agriatv.hu\/index.php?rest_route=\/wp\/v2\/types\/post"}],"author":[{"embeddable":true,"href":"https:\/\/www.agriatv.hu\/index.php?rest_route=\/wp\/v2\/users\/4"}],"replies":[{"embeddable":true,"href":"https:\/\/www.agriatv.hu\/index.php?rest_route=%2Fwp%2Fv2%2Fcomments&post=25730"}],"version-history":[{"count":2,"href":"https:\/\/www.agriatv.hu\/index.php?rest_route=\/wp\/v2\/posts\/25730\/revisions"}],"predecessor-version":[{"id":25732,"href":"https:\/\/www.agriatv.hu\/index.php?rest_route=\/wp\/v2\/posts\/25730\/revisions\/25732"}],"wp:attachment":[{"href":"https:\/\/www.agriatv.hu\/index.php?rest_route=%2Fwp%2Fv2%2Fmedia&parent=25730"}],"wp:term":[{"taxonomy":"category","embeddable":true,"href":"https:\/\/www.agriatv.hu\/index.php?rest_route=%2Fwp%2Fv2%2Fcategories&post=25730"},{"taxonomy":"post_tag","embeddable":true,"href":"https:\/\/www.agriatv.hu\/index.php?rest_route=%2Fwp%2Fv2%2Ftags&post=25730"}],"curies":[{"name":"wp","href":"https:\/\/api.w.org\/{rel}","templated":true}]}}