{"id":25770,"date":"2026-03-09T07:29:54","date_gmt":"2026-03-09T07:29:54","guid":{"rendered":"https:\/\/www.agriatv.hu\/?p=25770"},"modified":"2026-03-09T07:29:56","modified_gmt":"2026-03-09T07:29:56","slug":"eletukert-futott-a-hazaspar-a-tuz-elol","status":"publish","type":"post","link":"https:\/\/www.agriatv.hu\/?p=25770","title":{"rendered":"\u00c9let\u00fck\u00e9rt futott a h\u00e1zasp\u00e1r a t\u0171z el\u0151l"},"content":{"rendered":"<div class=\"wp-block-image\">\n<figure class=\"alignleft is-resized\"><img decoding=\"async\" src=\"https:\/\/media.tenyek.hu\/2026\/03\/lwS6BG0IeKrdsBXOac_5D6GmzkCUp4Ho7_jXWQnZE4I\/fill\/0\/0\/no\/1\/aHR0cHM6Ly9jZG4ucHJvZC5mYXJtLnRlbnllay5odS9jb250ZW50LzVjMzE1ZWJmMmRlNDQyNmI5MDFlZmJmNzYwZDY2YTdi.webp\" alt=\"\" style=\"width:226px;height:auto\"\/><\/figure>\n<\/div>\n\n\n<p>Perceken m\u00falt az \u00e9lete egy h\u00e1zasp\u00e1rnak Gesztelyen, t\u00f6bb g\u00e1zpalack is felrobbant egy elektromos t\u0171z miatt a h\u00e1zukban. Val\u00f3sz\u00edn\u0171leg egy z\u00e1rlatos h\u0171t\u0151 okozta a bajt, a h\u00e1z nagyon gyorsan megtelt f\u00fcsttel, \u00e9pphogy ki tudtak szaladni a lak\u00f3k. A n\u0151t &#8211; aki \u00f6sszeesett, amikor ki\u00e9rt a l\u00e1ngok k\u00f6z\u00fcl &#8211; a ment\u0151k vitt\u00e9k k\u00f3rh\u00e1zba. De B\u00e1tonytereny\u00e9n is elektromos hiba miatt gyulladt ki egy h\u00e1z. Ott a nagysz\u00fcl\u0151k k\u00e9t \u00f6t\u00e9ves unok\u00e1jukkal menek\u00fcltek az utc\u00e1ra. Az \u0151 otthonuk is lakhatatlan lett. Sz\u00e1mlasz\u00e1m: Buri J\u00f3zsef 11773346-00861726<\/p>\n\n\n\n<iframe loading=\"lazy\" width=\"640\" height=\"360\" src=\"https:\/\/tenyek.hu\/embed\/eletukert-futott-a-hazaspar-a-tuz-elol\" style=\"border:none;\" allowfullscreen allow=\"autoplay; fullscreen; picture-in-picture; xr-spatial-tracking; encrypted-media\"><\/iframe>\n","protected":false},"excerpt":{"rendered":"<p>Perceken m\u00falt az \u00e9lete egy h\u00e1zasp\u00e1rnak Gesztelyen, t\u00f6bb g\u00e1zpalack is felrobbant egy elektromos t\u0171z miatt a h\u00e1zukban. Val\u00f3sz\u00edn\u0171leg egy z\u00e1rlatos h\u0171t\u0151 okozta a bajt, a h\u00e1z nagyon gyorsan megtelt f\u00fcsttel, \u00e9pphogy ki tudtak szaladni a lak\u00f3k. A n\u0151t &#8211; aki \u00f6sszeesett, amikor ki\u00e9rt a l\u00e1ngok k\u00f6z\u00fcl &#8211; a ment\u0151k vitt\u00e9k k\u00f3rh\u00e1zba. De B\u00e1tonytereny\u00e9n is elektromos [&#8230;]<\/p>\n","protected":false},"author":4,"featured_media":0,"comment_status":"closed","ping_status":"closed","sticky":false,"template":"","format":"standard","meta":{"footnotes":""},"categories":[5],"tags":[3186,487,1860,484,1500],"class_list":["post-25770","post","type-post","status-publish","format-standard","hentry","category-kek-hirek","tag-batonyterenye","tag-csalad","tag-fust","tag-tuz","tag-vezetek"],"_links":{"self":[{"href":"https:\/\/www.agriatv.hu\/index.php?rest_route=\/wp\/v2\/posts\/25770","targetHints":{"allow":["GET"]}}],"collection":[{"href":"https:\/\/www.agriatv.hu\/index.php?rest_route=\/wp\/v2\/posts"}],"about":[{"href":"https:\/\/www.agriatv.hu\/index.php?rest_route=\/wp\/v2\/types\/post"}],"author":[{"embeddable":true,"href":"https:\/\/www.agriatv.hu\/index.php?rest_route=\/wp\/v2\/users\/4"}],"replies":[{"embeddable":true,"href":"https:\/\/www.agriatv.hu\/index.php?rest_route=%2Fwp%2Fv2%2Fcomments&post=25770"}],"version-history":[{"count":1,"href":"https:\/\/www.agriatv.hu\/index.php?rest_route=\/wp\/v2\/posts\/25770\/revisions"}],"predecessor-version":[{"id":25771,"href":"https:\/\/www.agriatv.hu\/index.php?rest_route=\/wp\/v2\/posts\/25770\/revisions\/25771"}],"wp:attachment":[{"href":"https:\/\/www.agriatv.hu\/index.php?rest_route=%2Fwp%2Fv2%2Fmedia&parent=25770"}],"wp:term":[{"taxonomy":"category","embeddable":true,"href":"https:\/\/www.agriatv.hu\/index.php?rest_route=%2Fwp%2Fv2%2Fcategories&post=25770"},{"taxonomy":"post_tag","embeddable":true,"href":"https:\/\/www.agriatv.hu\/index.php?rest_route=%2Fwp%2Fv2%2Ftags&post=25770"}],"curies":[{"name":"wp","href":"https:\/\/api.w.org\/{rel}","templated":true}]}}