{"id":25772,"date":"2026-03-10T19:47:13","date_gmt":"2026-03-10T19:47:13","guid":{"rendered":"https:\/\/www.agriatv.hu\/?p=25772"},"modified":"2026-03-10T19:47:15","modified_gmt":"2026-03-10T19:47:15","slug":"kovel-dobalta-az-autokat-a-reszeg-ferfi","status":"publish","type":"post","link":"https:\/\/www.agriatv.hu\/?p=25772","title":{"rendered":"K\u0151vel dob\u00e1lta az aut\u00f3kat a r\u00e9szeg f\u00e9rfi"},"content":{"rendered":"<div class=\"wp-block-image\">\n<figure class=\"alignleft is-resized\"><img decoding=\"async\" src=\"https:\/\/media.tenyek.hu\/2026\/03\/CyA2NzDa65ugbNIULypRKfgBn_hRejtHsCy39H1KdHc\/fill\/0\/0\/no\/1\/aHR0cHM6Ly9jZG4ucHJvZC5mYXJtLnRlbnllay5odS9jb250ZW50LzdkYjU5ZDdlMDcyMjRiYzJhYmQxNTA1MDY5ZTAxZjJi.webp\" alt=\"\" style=\"width:202px;height:auto\"\/><\/figure>\n<\/div>\n\n\n<p>K\u0151vel dob\u00e1lta az aut\u00f3sokat egy r\u00e9szeg f\u00e9rfi Nagycs\u00e9csen, k\u00e9t kocsit is megrong\u00e1lt. Minderr\u0151l vide\u00f3 is k\u00e9sz\u00fclt, ezen pedig j\u00f3l l\u00e1tszik, hogy a t\u00e1mad\u00f3 v\u00e1logat\u00e1s n\u00e9lk\u00fcl dob\u00e1lta az aut\u00f3kat. Az \u00fcgy\u00e9szs\u00e9g most emelt v\u00e1dat ellene, felf\u00fcggesztett b\u00f6rt\u00f6nb\u00fcntet\u00e9st k\u00e9rtek a t\u00e1mad\u00f3ra. Beismerte a tett\u00e9t, de azt mondta, olyan r\u00e9szeg volt, hogy semmire sem eml\u00e9kszik.<\/p>\n\n\n\n<iframe loading=\"lazy\" width=\"640\" height=\"360\" src=\"https:\/\/tenyek.hu\/embed\/kovel-dobalta-az-autokat-a-reszeg-ferfi\" style=\"border:none;\" allowfullscreen allow=\"autoplay; fullscreen; picture-in-picture; xr-spatial-tracking; encrypted-media\"><\/iframe>\n","protected":false},"excerpt":{"rendered":"<p>K\u0151vel dob\u00e1lta az aut\u00f3sokat egy r\u00e9szeg f\u00e9rfi Nagycs\u00e9csen, k\u00e9t kocsit is megrong\u00e1lt. Minderr\u0151l vide\u00f3 is k\u00e9sz\u00fclt, ezen pedig j\u00f3l l\u00e1tszik, hogy a t\u00e1mad\u00f3 v\u00e1logat\u00e1s n\u00e9lk\u00fcl dob\u00e1lta az aut\u00f3kat. Az \u00fcgy\u00e9szs\u00e9g most emelt v\u00e1dat ellene, felf\u00fcggesztett b\u00f6rt\u00f6nb\u00fcntet\u00e9st k\u00e9rtek a t\u00e1mad\u00f3ra. Beismerte a tett\u00e9t, de azt mondta, olyan r\u00e9szeg volt, hogy semmire sem eml\u00e9kszik.<\/p>\n","protected":false},"author":4,"featured_media":0,"comment_status":"closed","ping_status":"closed","sticky":false,"template":"","format":"standard","meta":{"footnotes":""},"categories":[5],"tags":[979,4567,1765,1214,1263],"class_list":["post-25772","post","type-post","status-publish","format-standard","hentry","category-kek-hirek","tag-autopalya","tag-dobalas","tag-ko","tag-kocsi","tag-serules"],"_links":{"self":[{"href":"https:\/\/www.agriatv.hu\/index.php?rest_route=\/wp\/v2\/posts\/25772","targetHints":{"allow":["GET"]}}],"collection":[{"href":"https:\/\/www.agriatv.hu\/index.php?rest_route=\/wp\/v2\/posts"}],"about":[{"href":"https:\/\/www.agriatv.hu\/index.php?rest_route=\/wp\/v2\/types\/post"}],"author":[{"embeddable":true,"href":"https:\/\/www.agriatv.hu\/index.php?rest_route=\/wp\/v2\/users\/4"}],"replies":[{"embeddable":true,"href":"https:\/\/www.agriatv.hu\/index.php?rest_route=%2Fwp%2Fv2%2Fcomments&post=25772"}],"version-history":[{"count":1,"href":"https:\/\/www.agriatv.hu\/index.php?rest_route=\/wp\/v2\/posts\/25772\/revisions"}],"predecessor-version":[{"id":25773,"href":"https:\/\/www.agriatv.hu\/index.php?rest_route=\/wp\/v2\/posts\/25772\/revisions\/25773"}],"wp:attachment":[{"href":"https:\/\/www.agriatv.hu\/index.php?rest_route=%2Fwp%2Fv2%2Fmedia&parent=25772"}],"wp:term":[{"taxonomy":"category","embeddable":true,"href":"https:\/\/www.agriatv.hu\/index.php?rest_route=%2Fwp%2Fv2%2Fcategories&post=25772"},{"taxonomy":"post_tag","embeddable":true,"href":"https:\/\/www.agriatv.hu\/index.php?rest_route=%2Fwp%2Fv2%2Ftags&post=25772"}],"curies":[{"name":"wp","href":"https:\/\/api.w.org\/{rel}","templated":true}]}}