{"id":25774,"date":"2026-03-10T19:53:56","date_gmt":"2026-03-10T19:53:56","guid":{"rendered":"https:\/\/www.agriatv.hu\/?p=25774"},"modified":"2026-03-10T19:53:58","modified_gmt":"2026-03-10T19:53:58","slug":"nyugtatoval-probalta-megolni-nyolceves-fiat","status":"publish","type":"post","link":"https:\/\/www.agriatv.hu\/?p=25774","title":{"rendered":"Nyugtat\u00f3val pr\u00f3b\u00e1lta meg\u00f6lni nyolc\u00e9ves fi\u00e1t"},"content":{"rendered":"<div class=\"wp-block-image\">\n<figure class=\"alignleft is-resized\"><img decoding=\"async\" src=\"https:\/\/media.tenyek.hu\/2026\/03\/Cw5nPJwStGcF6-2N001nmk6EiaY3xy_tWACK07H6JlE\/fill\/0\/0\/no\/1\/aHR0cHM6Ly9jZG4ucHJvZC5mYXJtLnRlbnllay5odS9jb250ZW50L2RjOWNkMzU5OWQwMzQ1MWM5NmQ0MjAxNWFlZTk3MGZi.webp\" alt=\"\" style=\"width:229px;height:auto\"\/><\/figure>\n<\/div>\n\n\n<p>10-15 szem nyugtat\u00f3t adott be nyolc\u00e9ves kisfi\u00e1nak egy miskolci n\u0151, \u00edgy pr\u00f3b\u00e1lt v\u00e9gezni gyermek\u00e9vel \u00e9s \u0151 is nagy mennyis\u00e9g\u0171 gy\u00f3gyszert vett be. Egy kir\u00e1ndul\u00f3hely parkol\u00f3j\u00e1ban tal\u00e1ltak r\u00e1juk m\u00e1snap a B\u00fckkben. Az asszony a kocsija mellett fek\u00fcdt kisfi\u00e1val szinte teljesen kih\u0171lve \u00e9s b\u00f3dultan a gy\u00f3gyszerekt\u0151l. Ment\u0151helikopterrel vitt\u00e9k \u0151ket k\u00f3rh\u00e1zba. Az anya mosolyg\u00f3s k\u00e9pet posztolt kisfi\u00e1val, a csaknem v\u00e9gzetes kir\u00e1ndul\u00e1s napj\u00e1n.<\/p>\n\n\n\n<iframe loading=\"lazy\" width=\"640\" height=\"360\" src=\"https:\/\/tenyek.hu\/embed\/nyugtatoval-probalta-megolni-nyolceves-fiat\" style=\"border:none;\" allowfullscreen allow=\"autoplay; fullscreen; picture-in-picture; xr-spatial-tracking; encrypted-media\"><\/iframe>\n","protected":false},"excerpt":{"rendered":"<p>10-15 szem nyugtat\u00f3t adott be nyolc\u00e9ves kisfi\u00e1nak egy miskolci n\u0151, \u00edgy pr\u00f3b\u00e1lt v\u00e9gezni gyermek\u00e9vel \u00e9s \u0151 is nagy mennyis\u00e9g\u0171 gy\u00f3gyszert vett be. Egy kir\u00e1ndul\u00f3hely parkol\u00f3j\u00e1ban tal\u00e1ltak r\u00e1juk m\u00e1snap a B\u00fckkben. Az asszony a kocsija mellett fek\u00fcdt kisfi\u00e1val szinte teljesen kih\u0171lve \u00e9s b\u00f3dultan a gy\u00f3gyszerekt\u0151l. Ment\u0151helikopterrel vitt\u00e9k \u0151ket k\u00f3rh\u00e1zba. Az anya mosolyg\u00f3s k\u00e9pet posztolt kisfi\u00e1val, a [&#8230;]<\/p>\n","protected":false},"author":4,"featured_media":0,"comment_status":"closed","ping_status":"closed","sticky":false,"template":"","format":"standard","meta":{"footnotes":""},"categories":[5],"tags":[2232,233,2546,1354],"class_list":["post-25774","post","type-post","status-publish","format-standard","hentry","category-kek-hirek","tag-anya","tag-bukk","tag-gyogyszer","tag-parkolo"],"_links":{"self":[{"href":"https:\/\/www.agriatv.hu\/index.php?rest_route=\/wp\/v2\/posts\/25774","targetHints":{"allow":["GET"]}}],"collection":[{"href":"https:\/\/www.agriatv.hu\/index.php?rest_route=\/wp\/v2\/posts"}],"about":[{"href":"https:\/\/www.agriatv.hu\/index.php?rest_route=\/wp\/v2\/types\/post"}],"author":[{"embeddable":true,"href":"https:\/\/www.agriatv.hu\/index.php?rest_route=\/wp\/v2\/users\/4"}],"replies":[{"embeddable":true,"href":"https:\/\/www.agriatv.hu\/index.php?rest_route=%2Fwp%2Fv2%2Fcomments&post=25774"}],"version-history":[{"count":1,"href":"https:\/\/www.agriatv.hu\/index.php?rest_route=\/wp\/v2\/posts\/25774\/revisions"}],"predecessor-version":[{"id":25775,"href":"https:\/\/www.agriatv.hu\/index.php?rest_route=\/wp\/v2\/posts\/25774\/revisions\/25775"}],"wp:attachment":[{"href":"https:\/\/www.agriatv.hu\/index.php?rest_route=%2Fwp%2Fv2%2Fmedia&parent=25774"}],"wp:term":[{"taxonomy":"category","embeddable":true,"href":"https:\/\/www.agriatv.hu\/index.php?rest_route=%2Fwp%2Fv2%2Fcategories&post=25774"},{"taxonomy":"post_tag","embeddable":true,"href":"https:\/\/www.agriatv.hu\/index.php?rest_route=%2Fwp%2Fv2%2Ftags&post=25774"}],"curies":[{"name":"wp","href":"https:\/\/api.w.org\/{rel}","templated":true}]}}