{"id":25776,"date":"2026-03-12T20:19:34","date_gmt":"2026-03-12T20:19:34","guid":{"rendered":"https:\/\/www.agriatv.hu\/?p=25776"},"modified":"2026-03-12T20:19:36","modified_gmt":"2026-03-12T20:19:36","slug":"kivegezte-feleseget-15-evet-kapott","status":"publish","type":"post","link":"https:\/\/www.agriatv.hu\/?p=25776","title":{"rendered":"Kiv\u00e9gezte feles\u00e9g\u00e9t, 15 \u00e9vet kapott"},"content":{"rendered":"<div class=\"wp-block-image\">\n<figure class=\"alignleft is-resized\"><img decoding=\"async\" src=\"https:\/\/media.tenyek.hu\/2026\/03\/5dtq9ZL_5HIYz5avS3fUIuu-VPvtAsszs37tYoC0PNQ\/fill\/0\/0\/no\/1\/aHR0cHM6Ly9jZG4ucHJvZC5mYXJtLnRlbnllay5odS9jb250ZW50L2NmNDYwMzZlN2Q0NzRjZmI5MDc0NzAxYzY3MzI2MmMx.webp\" alt=\"\" style=\"width:262px;height:auto\"\/><\/figure>\n<\/div>\n\n\n<p>15 \u00e9v fegyh\u00e1zra \u00edt\u00e9lt\u00e9k a f\u00fczesabonyi gyilkost, aki kegyetlen\u00fcl kiv\u00e9gezte a feles\u00e9g\u00e9t. H\u00e9tszer sz\u00farta meg \u00e9s elv\u00e1gta a tork\u00e1t, majd saj\u00e1t mag\u00e1t is megsebes\u00edtette. Az\u00e9rt ment a h\u00e1z\u00e1hoz, mert nem tudott belenyugodni abba, hogy a n\u0151nek \u00faj p\u00e1rja van. Elfogadta a b\u00fcntet\u00e9s\u00e9t, az utols\u00f3 sz\u00f3 jog\u00e1n pedig azt mondta, sajn\u00e1lja, amit tett, letart\u00f3ztat\u00e1sa \u00f3ta pszichol\u00f3gusra van sz\u00fcks\u00e9ge.<\/p>\n\n\n\n<iframe loading=\"lazy\" width=\"640\" height=\"360\" src=\"https:\/\/tenyek.hu\/embed\/kivegezte-feleseget-15-evet-kapott\" style=\"border:none;\" allowfullscreen allow=\"autoplay; fullscreen; picture-in-picture; xr-spatial-tracking; encrypted-media\"><\/iframe>\n","protected":false},"excerpt":{"rendered":"<p>15 \u00e9v fegyh\u00e1zra \u00edt\u00e9lt\u00e9k a f\u00fczesabonyi gyilkost, aki kegyetlen\u00fcl kiv\u00e9gezte a feles\u00e9g\u00e9t. H\u00e9tszer sz\u00farta meg \u00e9s elv\u00e1gta a tork\u00e1t, majd saj\u00e1t mag\u00e1t is megsebes\u00edtette. Az\u00e9rt ment a h\u00e1z\u00e1hoz, mert nem tudott belenyugodni abba, hogy a n\u0151nek \u00faj p\u00e1rja van. Elfogadta a b\u00fcntet\u00e9s\u00e9t, az utols\u00f3 sz\u00f3 jog\u00e1n pedig azt mondta, sajn\u00e1lja, amit tett, letart\u00f3ztat\u00e1sa \u00f3ta pszichol\u00f3gusra [&#8230;]<\/p>\n","protected":false},"author":4,"featured_media":0,"comment_status":"closed","ping_status":"closed","sticky":false,"template":"","format":"standard","meta":{"footnotes":""},"categories":[5],"tags":[2082,238,2296,1329,2347],"class_list":["post-25776","post","type-post","status-publish","format-standard","hentry","category-kek-hirek","tag-emberoles","tag-fuzesabony","tag-itelet","tag-kes","tag-szurkalas"],"_links":{"self":[{"href":"https:\/\/www.agriatv.hu\/index.php?rest_route=\/wp\/v2\/posts\/25776","targetHints":{"allow":["GET"]}}],"collection":[{"href":"https:\/\/www.agriatv.hu\/index.php?rest_route=\/wp\/v2\/posts"}],"about":[{"href":"https:\/\/www.agriatv.hu\/index.php?rest_route=\/wp\/v2\/types\/post"}],"author":[{"embeddable":true,"href":"https:\/\/www.agriatv.hu\/index.php?rest_route=\/wp\/v2\/users\/4"}],"replies":[{"embeddable":true,"href":"https:\/\/www.agriatv.hu\/index.php?rest_route=%2Fwp%2Fv2%2Fcomments&post=25776"}],"version-history":[{"count":1,"href":"https:\/\/www.agriatv.hu\/index.php?rest_route=\/wp\/v2\/posts\/25776\/revisions"}],"predecessor-version":[{"id":25777,"href":"https:\/\/www.agriatv.hu\/index.php?rest_route=\/wp\/v2\/posts\/25776\/revisions\/25777"}],"wp:attachment":[{"href":"https:\/\/www.agriatv.hu\/index.php?rest_route=%2Fwp%2Fv2%2Fmedia&parent=25776"}],"wp:term":[{"taxonomy":"category","embeddable":true,"href":"https:\/\/www.agriatv.hu\/index.php?rest_route=%2Fwp%2Fv2%2Fcategories&post=25776"},{"taxonomy":"post_tag","embeddable":true,"href":"https:\/\/www.agriatv.hu\/index.php?rest_route=%2Fwp%2Fv2%2Ftags&post=25776"}],"curies":[{"name":"wp","href":"https:\/\/api.w.org\/{rel}","templated":true}]}}