{"id":25778,"date":"2026-03-13T18:41:08","date_gmt":"2026-03-13T18:41:08","guid":{"rendered":"https:\/\/www.agriatv.hu\/?p=25778"},"modified":"2026-03-13T18:41:10","modified_gmt":"2026-03-13T18:41:10","slug":"hazi-keszitesu-dardaval-szurta-meg-apjat","status":"publish","type":"post","link":"https:\/\/www.agriatv.hu\/?p=25778","title":{"rendered":"H\u00e1zi k\u00e9sz\u00edt\u00e9s\u0171 d\u00e1rd\u00e1val sz\u00farta meg apj\u00e1t"},"content":{"rendered":"<div class=\"wp-block-image\">\n<figure class=\"alignleft is-resized\"><img decoding=\"async\" src=\"https:\/\/media.tenyek.hu\/2026\/03\/-vjrZtfA5vPhjZdMRtOsKxbD5PG-CDfQTuosJ5HijU0\/fill\/0\/0\/no\/1\/aHR0cHM6Ly9jZG4ucHJvZC5mYXJtLnRlbnllay5odS9jb250ZW50LzZjOTAzZDM0YWQ5ZDQ0YTFhMzZlNmUwYWQxMjdmZmU4.webp\" alt=\"\" style=\"width:262px;height:auto\"\/><\/figure>\n<\/div>\n\n\n<p>Mellkason \u00e9s hasba sz\u00farta apj\u00e1t egy saj\u00e1t k\u00e9sz\u00edt\u00e9s\u0171 d\u00e1rd\u00e1val egy 22 \u00e9ves \u00f3zdi fiatal. Az\u00e9rt lett d\u00fch\u00f6s, mert apja nem hagyta sorozatot n\u00e9zni. Felkapott egy botra er\u0151s\u00edtett k\u00e9st, amivel kis h\u00edj\u00e1n meg\u00f6lte az apj\u00e1t. Az egyik sz\u00far\u00e1s \u00e9letvesz\u00e9lyes volt, de a fiatal megfenyegette csal\u00e1dj\u00e1t, hogy mindenkit meg\u00f6l, ha seg\u00edts\u00e9get h\u00edvnak. Azt mondta nekik, mondj\u00e1k, hogy az apja csak beleesett a l\u00e1ndzs\u00e1ba. Most letart\u00f3ztatt\u00e1k.<\/p>\n\n\n\n<iframe loading=\"lazy\" width=\"640\" height=\"360\" src=\"https:\/\/tenyek.hu\/embed\/hazi-keszitesu-dardaval-szurta-meg-apjat\" style=\"border:none;\" allowfullscreen allow=\"autoplay; fullscreen; picture-in-picture; xr-spatial-tracking; encrypted-media\"><\/iframe>\n","protected":false},"excerpt":{"rendered":"<p>Mellkason \u00e9s hasba sz\u00farta apj\u00e1t egy saj\u00e1t k\u00e9sz\u00edt\u00e9s\u0171 d\u00e1rd\u00e1val egy 22 \u00e9ves \u00f3zdi fiatal. Az\u00e9rt lett d\u00fch\u00f6s, mert apja nem hagyta sorozatot n\u00e9zni. Felkapott egy botra er\u0151s\u00edtett k\u00e9st, amivel kis h\u00edj\u00e1n meg\u00f6lte az apj\u00e1t. Az egyik sz\u00far\u00e1s \u00e9letvesz\u00e9lyes volt, de a fiatal megfenyegette csal\u00e1dj\u00e1t, hogy mindenkit meg\u00f6l, ha seg\u00edts\u00e9get h\u00edvnak. Azt mondta nekik, mondj\u00e1k, hogy [&#8230;]<\/p>\n","protected":false},"author":4,"featured_media":0,"comment_status":"closed","ping_status":"closed","sticky":false,"template":"","format":"standard","meta":{"footnotes":""},"categories":[5],"tags":[2541,4568,1025,4569,2165],"class_list":["post-25778","post","type-post","status-publish","format-standard","hentry","category-kek-hirek","tag-apa","tag-darda","tag-eletveszely","tag-sorozat","tag-szuras"],"_links":{"self":[{"href":"https:\/\/www.agriatv.hu\/index.php?rest_route=\/wp\/v2\/posts\/25778","targetHints":{"allow":["GET"]}}],"collection":[{"href":"https:\/\/www.agriatv.hu\/index.php?rest_route=\/wp\/v2\/posts"}],"about":[{"href":"https:\/\/www.agriatv.hu\/index.php?rest_route=\/wp\/v2\/types\/post"}],"author":[{"embeddable":true,"href":"https:\/\/www.agriatv.hu\/index.php?rest_route=\/wp\/v2\/users\/4"}],"replies":[{"embeddable":true,"href":"https:\/\/www.agriatv.hu\/index.php?rest_route=%2Fwp%2Fv2%2Fcomments&post=25778"}],"version-history":[{"count":1,"href":"https:\/\/www.agriatv.hu\/index.php?rest_route=\/wp\/v2\/posts\/25778\/revisions"}],"predecessor-version":[{"id":25779,"href":"https:\/\/www.agriatv.hu\/index.php?rest_route=\/wp\/v2\/posts\/25778\/revisions\/25779"}],"wp:attachment":[{"href":"https:\/\/www.agriatv.hu\/index.php?rest_route=%2Fwp%2Fv2%2Fmedia&parent=25778"}],"wp:term":[{"taxonomy":"category","embeddable":true,"href":"https:\/\/www.agriatv.hu\/index.php?rest_route=%2Fwp%2Fv2%2Fcategories&post=25778"},{"taxonomy":"post_tag","embeddable":true,"href":"https:\/\/www.agriatv.hu\/index.php?rest_route=%2Fwp%2Fv2%2Ftags&post=25778"}],"curies":[{"name":"wp","href":"https:\/\/api.w.org\/{rel}","templated":true}]}}