{"id":25780,"date":"2026-03-15T18:49:53","date_gmt":"2026-03-15T18:49:53","guid":{"rendered":"https:\/\/www.agriatv.hu\/?p=25780"},"modified":"2026-03-15T18:49:54","modified_gmt":"2026-03-15T18:49:54","slug":"magyar-zaszlos-golfpalyan-jatszottak","status":"publish","type":"post","link":"https:\/\/www.agriatv.hu\/?p=25780","title":{"rendered":"Magyar z\u00e1szl\u00f3s golfp\u00e1ly\u00e1n j\u00e1tszottak"},"content":{"rendered":"\n<figure class=\"wp-block-video\"><\/figure>\n\n\n<div class=\"wp-block-image\">\n<figure class=\"alignleft is-resized\"><img decoding=\"async\" src=\"https:\/\/media.tenyek.hu\/2026\/03\/bXA5IURPo0-qrVJ93bPx72_GHIRZwEV1u23SAxrUiYg\/fill\/0\/0\/no\/1\/aHR0cHM6Ly9jZG4ucHJvZC5mYXJtLnRlbnllay5odS9jb250ZW50L2IyNzNiYjljNjQ5YzQxNTQ5ZTUxNTc4ZmQ2ODIwZDJi.webp\" alt=\"\" style=\"width:242px;height:auto\"\/><\/figure>\n<\/div>\n\n\n<p>Magyar z\u00e1szl\u00f3val d\u00edsz\u00edtett golfp\u00e1ly\u00e1n j\u00e1tszottak a gyerekek Miskolcon, de g\u00f3lyal\u00e1bakon t\u00e1ncol\u00f3 husz\u00e1rok is sz\u00f3rakoztatt\u00e1k a k\u00f6z\u00f6ns\u00e9get. Orsz\u00e1gszerte sz\u00ednes programokkal eml\u00e9keztek meg az 1848\u201349-es forradalom \u00e9s szabads\u00e1gharc \u00e9vfordul\u00f3j\u00e1r\u00f3l. S\u00e1rv\u00e1ron fegyverbemutat\u00f3val \u00e9s k\u00e9zm\u0171ves foglalkoz\u00e1sokkal v\u00e1rt\u00e1k az \u00e9rdekl\u0151d\u0151ket, Ny\u00edregyh\u00e1z\u00e1n pedig \u00e1gy\u00fad\u00f6rg\u00e9s \u00e9s lovas husz\u00e1rbemutat\u00f3 id\u00e9zte fel a forradalom hangulat\u00e1t.<\/p>\n\n\n\n<iframe loading=\"lazy\" width=\"640\" height=\"360\" src=\"https:\/\/tenyek.hu\/embed\/magyar-zaszlos-golfpalyan-jatszottak\" style=\"border:none;\" allowfullscreen allow=\"autoplay; fullscreen; picture-in-picture; xr-spatial-tracking; encrypted-media\"><\/iframe>\n","protected":false},"excerpt":{"rendered":"<p>Magyar z\u00e1szl\u00f3val d\u00edsz\u00edtett golfp\u00e1ly\u00e1n j\u00e1tszottak a gyerekek Miskolcon, de g\u00f3lyal\u00e1bakon t\u00e1ncol\u00f3 husz\u00e1rok is sz\u00f3rakoztatt\u00e1k a k\u00f6z\u00f6ns\u00e9get. Orsz\u00e1gszerte sz\u00ednes programokkal eml\u00e9keztek meg az 1848\u201349-es forradalom \u00e9s szabads\u00e1gharc \u00e9vfordul\u00f3j\u00e1r\u00f3l. S\u00e1rv\u00e1ron fegyverbemutat\u00f3val \u00e9s k\u00e9zm\u0171ves foglalkoz\u00e1sokkal v\u00e1rt\u00e1k az \u00e9rdekl\u0151d\u0151ket, Ny\u00edregyh\u00e1z\u00e1n pedig \u00e1gy\u00fad\u00f6rg\u00e9s \u00e9s lovas husz\u00e1rbemutat\u00f3 id\u00e9zte fel a forradalom hangulat\u00e1t.<\/p>\n","protected":false},"author":4,"featured_media":0,"comment_status":"closed","ping_status":"closed","sticky":false,"template":"","format":"standard","meta":{"footnotes":""},"categories":[6,4],"tags":[36,4570,1038,157],"class_list":["post-25780","post","type-post","status-publish","format-standard","hentry","category-belfold","category-szabadido","tag-eger","tag-kokarda","tag-koszoruzas","tag-unnep"],"_links":{"self":[{"href":"https:\/\/www.agriatv.hu\/index.php?rest_route=\/wp\/v2\/posts\/25780","targetHints":{"allow":["GET"]}}],"collection":[{"href":"https:\/\/www.agriatv.hu\/index.php?rest_route=\/wp\/v2\/posts"}],"about":[{"href":"https:\/\/www.agriatv.hu\/index.php?rest_route=\/wp\/v2\/types\/post"}],"author":[{"embeddable":true,"href":"https:\/\/www.agriatv.hu\/index.php?rest_route=\/wp\/v2\/users\/4"}],"replies":[{"embeddable":true,"href":"https:\/\/www.agriatv.hu\/index.php?rest_route=%2Fwp%2Fv2%2Fcomments&post=25780"}],"version-history":[{"count":1,"href":"https:\/\/www.agriatv.hu\/index.php?rest_route=\/wp\/v2\/posts\/25780\/revisions"}],"predecessor-version":[{"id":25781,"href":"https:\/\/www.agriatv.hu\/index.php?rest_route=\/wp\/v2\/posts\/25780\/revisions\/25781"}],"wp:attachment":[{"href":"https:\/\/www.agriatv.hu\/index.php?rest_route=%2Fwp%2Fv2%2Fmedia&parent=25780"}],"wp:term":[{"taxonomy":"category","embeddable":true,"href":"https:\/\/www.agriatv.hu\/index.php?rest_route=%2Fwp%2Fv2%2Fcategories&post=25780"},{"taxonomy":"post_tag","embeddable":true,"href":"https:\/\/www.agriatv.hu\/index.php?rest_route=%2Fwp%2Fv2%2Ftags&post=25780"}],"curies":[{"name":"wp","href":"https:\/\/api.w.org\/{rel}","templated":true}]}}