{"id":25827,"date":"2026-04-25T17:27:07","date_gmt":"2026-04-25T17:27:07","guid":{"rendered":"https:\/\/www.agriatv.hu\/?p=25827"},"modified":"2026-05-01T17:29:27","modified_gmt":"2026-05-01T17:29:27","slug":"jon-a-hidegfront-sokakat-megvisel-majd","status":"publish","type":"post","link":"https:\/\/www.agriatv.hu\/?p=25827","title":{"rendered":"J\u00f6n a hidegfront, sokakat megvisel majd"},"content":{"rendered":"<div class=\"wp-block-image\">\n<figure class=\"alignleft is-resized\"><img decoding=\"async\" src=\"https:\/\/media.tenyek.hu\/2026\/04\/TDK9QnJnwId7ZgbgTydFtwuDoJJr_Ix2HuZU-Y7t0wo\/fill\/0\/0\/no\/1\/aHR0cHM6Ly9jZG4ucHJvZC5mYXJtLnRlbnllay5odS9jb250ZW50LzY0NGNiMDkwYjUyMTQ4NWU5NzY3MGMxYzgzNjNjZDI2.webp\" alt=\"\" style=\"width:145px;height:auto\"\/><\/figure>\n<\/div>\n\n\n<p>V\u00edzibicikliztek, fagyiztak vagy t\u00far\u00e1ztak az emberek ma, orsz\u00e1gszerte 20 fok f\u00f6l\u00e9 emelkedett a h\u0151m\u00e9rs\u00e9klet. Sokan voltak a K\u00e9kestet\u0151n, s\u0151t Miskolctapolc\u00e1n is. A k\u00f6vetkez\u0151 napokban viszont hidegfront \u00e9rkezik, ami sokakn\u00e1l m\u00e1r most fejf\u00e1j\u00e1st, l\u00e1bf\u00e1jdalmat \u00e9s rossz k\u00f6z\u00e9rzetet okoz. H\u00e9tf\u0151 hajnalban ak\u00e1r m\u00ednusz 3 fok is lehet. Szak\u00e9rt\u0151k szerint a hirtelen v\u00e1ltoz\u00e1s k\u00fcl\u00f6n\u00f6sen megterheli a sz\u00edvbetegeket \u00e9s az id\u0151seket is.<\/p>\n\n\n\n<iframe loading=\"lazy\" width=\"640\" height=\"360\" src=\"https:\/\/tenyek.hu\/embed\/jon-a-hidegfront-sokakat-megvisel-majd\" style=\"border:none;\" allowfullscreen allow=\"autoplay; fullscreen; picture-in-picture; xr-spatial-tracking; encrypted-media\"><\/iframe>\n","protected":false},"excerpt":{"rendered":"<p>V\u00edzibicikliztek, fagyiztak vagy t\u00far\u00e1ztak az emberek ma, orsz\u00e1gszerte 20 fok f\u00f6l\u00e9 emelkedett a h\u0151m\u00e9rs\u00e9klet. Sokan voltak a K\u00e9kestet\u0151n, s\u0151t Miskolctapolc\u00e1n is. A k\u00f6vetkez\u0151 napokban viszont hidegfront \u00e9rkezik, ami sokakn\u00e1l m\u00e1r most fejf\u00e1j\u00e1st, l\u00e1bf\u00e1jdalmat \u00e9s rossz k\u00f6z\u00e9rzetet okoz. H\u00e9tf\u0151 hajnalban ak\u00e1r m\u00ednusz 3 fok is lehet. Szak\u00e9rt\u0151k szerint a hirtelen v\u00e1ltoz\u00e1s k\u00fcl\u00f6n\u00f6sen megterheli a sz\u00edvbetegeket \u00e9s [&#8230;]<\/p>\n","protected":false},"author":4,"featured_media":0,"comment_status":"closed","ping_status":"closed","sticky":false,"template":"","format":"standard","meta":{"footnotes":""},"categories":[1],"tags":[],"class_list":["post-25827","post","type-post","status-publish","format-standard","hentry","category-nincs-kategorizalva"],"_links":{"self":[{"href":"https:\/\/www.agriatv.hu\/index.php?rest_route=\/wp\/v2\/posts\/25827","targetHints":{"allow":["GET"]}}],"collection":[{"href":"https:\/\/www.agriatv.hu\/index.php?rest_route=\/wp\/v2\/posts"}],"about":[{"href":"https:\/\/www.agriatv.hu\/index.php?rest_route=\/wp\/v2\/types\/post"}],"author":[{"embeddable":true,"href":"https:\/\/www.agriatv.hu\/index.php?rest_route=\/wp\/v2\/users\/4"}],"replies":[{"embeddable":true,"href":"https:\/\/www.agriatv.hu\/index.php?rest_route=%2Fwp%2Fv2%2Fcomments&post=25827"}],"version-history":[{"count":1,"href":"https:\/\/www.agriatv.hu\/index.php?rest_route=\/wp\/v2\/posts\/25827\/revisions"}],"predecessor-version":[{"id":25830,"href":"https:\/\/www.agriatv.hu\/index.php?rest_route=\/wp\/v2\/posts\/25827\/revisions\/25830"}],"wp:attachment":[{"href":"https:\/\/www.agriatv.hu\/index.php?rest_route=%2Fwp%2Fv2%2Fmedia&parent=25827"}],"wp:term":[{"taxonomy":"category","embeddable":true,"href":"https:\/\/www.agriatv.hu\/index.php?rest_route=%2Fwp%2Fv2%2Fcategories&post=25827"},{"taxonomy":"post_tag","embeddable":true,"href":"https:\/\/www.agriatv.hu\/index.php?rest_route=%2Fwp%2Fv2%2Ftags&post=25827"}],"curies":[{"name":"wp","href":"https:\/\/api.w.org\/{rel}","templated":true}]}}