{"id":25828,"date":"2026-04-29T21:53:18","date_gmt":"2026-04-29T21:53:18","guid":{"rendered":"https:\/\/www.agriatv.hu\/?p=25828"},"modified":"2026-04-29T21:53:20","modified_gmt":"2026-04-29T21:53:20","slug":"novajnal-jarhat-a-bogacsnal-latott-medve","status":"publish","type":"post","link":"https:\/\/www.agriatv.hu\/?p=25828","title":{"rendered":"Novajn\u00e1l j\u00e1rhat a Bog\u00e1csn\u00e1l l\u00e1tott medve"},"content":{"rendered":"<div class=\"wp-block-image\">\n<figure class=\"alignleft is-resized\"><img decoding=\"async\" src=\"https:\/\/media.tenyek.hu\/2026\/04\/0CDhNRTdkbhAZLhS4epD-7Va1SJoo_6vfi6_MYflrkI\/fill\/0\/0\/no\/1\/aHR0cHM6Ly9jZG4ucHJvZC5mYXJtLnRlbnllay5odS9jb250ZW50L2UxYTE4YzJjNDRjNjQ2OTU5NTU0Mzk5M2YzOTRkMGM5.webp\" alt=\"\" style=\"width:222px;height:auto\"\/><\/figure>\n<\/div>\n\n\n<p>M\u00e1r Novajn\u00e1l \u00e9s Ostorosn\u00e1l j\u00e1rhat az a hatalmas barnamedve amit a h\u00e9tv\u00e9g\u00e9n m\u00e9g a Bog\u00e1csi-t\u00f3n\u00e1l vettek vide\u00f3ra. A helyiek k\u00f6z\u00fcl most t\u00f6bben nagyon megijedtek, egy f\u00e9rfi azt mondta, id\u00e9zem: \u201enem menn\u00e9k, hogy megbirk\u00f3zzak vele\u201d. A csal\u00e1dj\u00e1ban ugyanis m\u00e1r t\u00f6rt\u00e9nt s\u00falyos medvet\u00e1mad\u00e1s, de az Erd\u00e9lyben. Az \u00f6nkorm\u00e1nyzat most figyelmeztet\u00e9st adott ki, a szak\u00e9rt\u0151k szerint azonban a eur\u00f3pai barnamedve \u00e1ltal\u00e1ban ker\u00fcli az embert.<\/p>\n\n\n\n<iframe loading=\"lazy\" width=\"640\" height=\"360\" src=\"https:\/\/tenyek.hu\/embed\/novajnal-jarhat-a-bogacsnal-latott-medve\" style=\"border:none;\" allowfullscreen allow=\"autoplay; fullscreen; picture-in-picture; xr-spatial-tracking; encrypted-media\"><\/iframe>\n","protected":false},"excerpt":{"rendered":"<p>M\u00e1r Novajn\u00e1l \u00e9s Ostorosn\u00e1l j\u00e1rhat az a hatalmas barnamedve amit a h\u00e9tv\u00e9g\u00e9n m\u00e9g a Bog\u00e1csi-t\u00f3n\u00e1l vettek vide\u00f3ra. A helyiek k\u00f6z\u00fcl most t\u00f6bben nagyon megijedtek, egy f\u00e9rfi azt mondta, id\u00e9zem: \u201enem menn\u00e9k, hogy megbirk\u00f3zzak vele\u201d. A csal\u00e1dj\u00e1ban ugyanis m\u00e1r t\u00f6rt\u00e9nt s\u00falyos medvet\u00e1mad\u00e1s, de az Erd\u00e9lyben. Az \u00f6nkorm\u00e1nyzat most figyelmeztet\u00e9st adott ki, a szak\u00e9rt\u0151k szerint azonban a [&#8230;]<\/p>\n","protected":false},"author":4,"featured_media":0,"comment_status":"closed","ping_status":"closed","sticky":false,"template":"","format":"standard","meta":{"footnotes":""},"categories":[6],"tags":[1125,1667,1649,1632],"class_list":["post-25828","post","type-post","status-publish","format-standard","hentry","category-belfold","tag-bogacs","tag-medve","tag-novaj","tag-ostoros"],"_links":{"self":[{"href":"https:\/\/www.agriatv.hu\/index.php?rest_route=\/wp\/v2\/posts\/25828","targetHints":{"allow":["GET"]}}],"collection":[{"href":"https:\/\/www.agriatv.hu\/index.php?rest_route=\/wp\/v2\/posts"}],"about":[{"href":"https:\/\/www.agriatv.hu\/index.php?rest_route=\/wp\/v2\/types\/post"}],"author":[{"embeddable":true,"href":"https:\/\/www.agriatv.hu\/index.php?rest_route=\/wp\/v2\/users\/4"}],"replies":[{"embeddable":true,"href":"https:\/\/www.agriatv.hu\/index.php?rest_route=%2Fwp%2Fv2%2Fcomments&post=25828"}],"version-history":[{"count":1,"href":"https:\/\/www.agriatv.hu\/index.php?rest_route=\/wp\/v2\/posts\/25828\/revisions"}],"predecessor-version":[{"id":25829,"href":"https:\/\/www.agriatv.hu\/index.php?rest_route=\/wp\/v2\/posts\/25828\/revisions\/25829"}],"wp:attachment":[{"href":"https:\/\/www.agriatv.hu\/index.php?rest_route=%2Fwp%2Fv2%2Fmedia&parent=25828"}],"wp:term":[{"taxonomy":"category","embeddable":true,"href":"https:\/\/www.agriatv.hu\/index.php?rest_route=%2Fwp%2Fv2%2Fcategories&post=25828"},{"taxonomy":"post_tag","embeddable":true,"href":"https:\/\/www.agriatv.hu\/index.php?rest_route=%2Fwp%2Fv2%2Ftags&post=25828"}],"curies":[{"name":"wp","href":"https:\/\/api.w.org\/{rel}","templated":true}]}}