{"id":25832,"date":"2026-05-01T17:35:10","date_gmt":"2026-05-01T17:35:10","guid":{"rendered":"https:\/\/www.agriatv.hu\/?p=25832"},"modified":"2026-05-01T17:35:11","modified_gmt":"2026-05-01T17:35:11","slug":"felvonulasokkal-unnepeltek-majus-elsejen","status":"publish","type":"post","link":"https:\/\/www.agriatv.hu\/?p=25832","title":{"rendered":"Felvonul\u00e1sokkal \u00fcnnepeltek m\u00e1jus elsej\u00e9n"},"content":{"rendered":"<div class=\"wp-block-image\">\n<figure class=\"alignleft is-resized\"><img decoding=\"async\" src=\"https:\/\/media.tenyek.hu\/2026\/05\/eaIhXsA1gJrsw2dFFYRF1xBKVN1gLkRnKQB3uNZRw8s\/fill\/0\/0\/no\/1\/aHR0cHM6Ly9jZG4ucHJvZC5mYXJtLnRlbnllay5odS9jb250ZW50LzU0ZDExMjRiMjdkMDQ0Yjk4ZDY3NzA0MWI3NmVjOTkz.webp\" alt=\"\" style=\"width:172px;height:auto\"\/><\/figure>\n<\/div>\n\n\n<p>Veter\u00e1naut\u00f3-felvonul\u00e1s, retr\u00f3 sz\u00e9ps\u00e9gverseny \u00e9s kirakod\u00f3v\u00e1s\u00e1rok v\u00e1rt\u00e1k az \u00fcnnepl\u0151ket m\u00e1jus elsej\u00e9n mindenfel\u00e9 az orsz\u00e1gban. Szinte mindenhol tartottak maj\u00e1list \u00e9s sok helyen felvonul\u00e1st is szerveztek. Gyomaendr\u0151d\u00f6n Sajt-T\u00far\u00f3 gasztro fesztiv\u00e1lt rendeztek, a l\u00e1togat\u00f3k k\u00fcl\u00f6nleges bivalyt\u00far\u00f3t is k\u00f3stolhattak, Budapesten a v\u00e1rosligetben pedig kuty\u00e1s maj\u00e1lisra \u00e9s csal\u00e1di piknikre v\u00e1rt\u00e1k az embereket.<\/p>\n\n\n\n<iframe loading=\"lazy\" width=\"640\" height=\"360\" src=\"https:\/\/tenyek.hu\/embed\/felvonulasokkal-unnepeltek-majus-elsejen\" style=\"border:none;\" allowfullscreen allow=\"autoplay; fullscreen; picture-in-picture; xr-spatial-tracking; encrypted-media\"><\/iframe>\n","protected":false},"excerpt":{"rendered":"<p>Veter\u00e1naut\u00f3-felvonul\u00e1s, retr\u00f3 sz\u00e9ps\u00e9gverseny \u00e9s kirakod\u00f3v\u00e1s\u00e1rok v\u00e1rt\u00e1k az \u00fcnnepl\u0151ket m\u00e1jus elsej\u00e9n mindenfel\u00e9 az orsz\u00e1gban. Szinte mindenhol tartottak maj\u00e1list \u00e9s sok helyen felvonul\u00e1st is szerveztek. Gyomaendr\u0151d\u00f6n Sajt-T\u00far\u00f3 gasztro fesztiv\u00e1lt rendeztek, a l\u00e1togat\u00f3k k\u00fcl\u00f6nleges bivalyt\u00far\u00f3t is k\u00f3stolhattak, Budapesten a v\u00e1rosligetben pedig kuty\u00e1s maj\u00e1lisra \u00e9s csal\u00e1di piknikre v\u00e1rt\u00e1k az embereket.<\/p>\n","protected":false},"author":4,"featured_media":0,"comment_status":"closed","ping_status":"closed","sticky":false,"template":"","format":"standard","meta":{"footnotes":""},"categories":[4],"tags":[1036,264,2017,1947,1257],"class_list":["post-25832","post","type-post","status-publish","format-standard","hentry","category-szabadido","tag-felsotarkany","tag-felvonulas","tag-majalis","tag-retro","tag-szabadido-2"],"_links":{"self":[{"href":"https:\/\/www.agriatv.hu\/index.php?rest_route=\/wp\/v2\/posts\/25832","targetHints":{"allow":["GET"]}}],"collection":[{"href":"https:\/\/www.agriatv.hu\/index.php?rest_route=\/wp\/v2\/posts"}],"about":[{"href":"https:\/\/www.agriatv.hu\/index.php?rest_route=\/wp\/v2\/types\/post"}],"author":[{"embeddable":true,"href":"https:\/\/www.agriatv.hu\/index.php?rest_route=\/wp\/v2\/users\/4"}],"replies":[{"embeddable":true,"href":"https:\/\/www.agriatv.hu\/index.php?rest_route=%2Fwp%2Fv2%2Fcomments&post=25832"}],"version-history":[{"count":1,"href":"https:\/\/www.agriatv.hu\/index.php?rest_route=\/wp\/v2\/posts\/25832\/revisions"}],"predecessor-version":[{"id":25833,"href":"https:\/\/www.agriatv.hu\/index.php?rest_route=\/wp\/v2\/posts\/25832\/revisions\/25833"}],"wp:attachment":[{"href":"https:\/\/www.agriatv.hu\/index.php?rest_route=%2Fwp%2Fv2%2Fmedia&parent=25832"}],"wp:term":[{"taxonomy":"category","embeddable":true,"href":"https:\/\/www.agriatv.hu\/index.php?rest_route=%2Fwp%2Fv2%2Fcategories&post=25832"},{"taxonomy":"post_tag","embeddable":true,"href":"https:\/\/www.agriatv.hu\/index.php?rest_route=%2Fwp%2Fv2%2Ftags&post=25832"}],"curies":[{"name":"wp","href":"https:\/\/api.w.org\/{rel}","templated":true}]}}