{"id":25834,"date":"2026-05-01T17:38:50","date_gmt":"2026-05-01T17:38:50","guid":{"rendered":"https:\/\/www.agriatv.hu\/?p=25834"},"modified":"2026-05-01T17:38:52","modified_gmt":"2026-05-01T17:38:52","slug":"fak-koze-csapodott-es-meghalt-a-motoros","status":"publish","type":"post","link":"https:\/\/www.agriatv.hu\/?p=25834","title":{"rendered":"F\u00e1k k\u00f6z\u00e9 csap\u00f3dott \u00e9s meghalt a motoros"},"content":{"rendered":"<div class=\"wp-block-image\">\n<figure class=\"alignleft is-resized\"><img decoding=\"async\" src=\"https:\/\/media.tenyek.hu\/2026\/05\/7OU8bAx4wnzimMPqfellUDqRMxEY8iD6J0MegqwCv9k\/fill\/0\/0\/no\/1\/aHR0cHM6Ly9jZG4ucHJvZC5mYXJtLnRlbnllay5odS9jb250ZW50Lzg2MDJkOTUyNzNiOTQwMGJiM2ZhZjUxYWE2ZDQwZjJi.webp\" alt=\"\" style=\"width:212px;height:auto\"\/><\/figure>\n<\/div>\n\n\n<p>F\u00e1nak csap\u00f3dott \u00e9s meghalt egy motoros p\u00e9ntek d\u00e9lut\u00e1n Aggtelek k\u00f6zel\u00e9ben. A hatvan \u00e9v k\u00f6r\u00fcli \u00e1ldozat k\u00e9t bar\u00e1tj\u00e1val indult motorozni, de t\u00e1rsai lemaradtak, \u0151 pedig egy kanyarban let\u00e9rt az \u00fatr\u00f3l \u00e9s egy f\u00e1nak rohant akkora er\u0151vel, hogy m\u00e1r nem tudt\u00e1k megmenteni az \u00e9let\u00e9t. Budapesten pedig az Oktogonn\u00e1l vettek vide\u00f3ra egy szab\u00e1lytalan sof\u0151rt, aki a piroson ment \u00e1t a keresztez\u0151d\u00e9sen, egy szab\u00e1lyosan \u00e9rkez\u0151 motoros nekicsap\u00f3dott.<\/p>\n\n\n\n<iframe loading=\"lazy\" width=\"640\" height=\"360\" src=\"https:\/\/tenyek.hu\/embed\/fak-koze-csapodott-es-meghalt-a-motoros\" style=\"border:none;\" allowfullscreen allow=\"autoplay; fullscreen; picture-in-picture; xr-spatial-tracking; encrypted-media\"><\/iframe>\n","protected":false},"excerpt":{"rendered":"<p>F\u00e1nak csap\u00f3dott \u00e9s meghalt egy motoros p\u00e9ntek d\u00e9lut\u00e1n Aggtelek k\u00f6zel\u00e9ben. A hatvan \u00e9v k\u00f6r\u00fcli \u00e1ldozat k\u00e9t bar\u00e1tj\u00e1val indult motorozni, de t\u00e1rsai lemaradtak, \u0151 pedig egy kanyarban let\u00e9rt az \u00fatr\u00f3l \u00e9s egy f\u00e1nak rohant akkora er\u0151vel, hogy m\u00e1r nem tudt\u00e1k megmenteni az \u00e9let\u00e9t. Budapesten pedig az Oktogonn\u00e1l vettek vide\u00f3ra egy szab\u00e1lytalan sof\u0151rt, aki a piroson ment [&#8230;]<\/p>\n","protected":false},"author":4,"featured_media":0,"comment_status":"closed","ping_status":"closed","sticky":false,"template":"","format":"standard","meta":{"footnotes":""},"categories":[5],"tags":[4582,743,41,39],"class_list":["post-25834","post","type-post","status-publish","format-standard","hentry","category-kek-hirek","tag-aggtelek","tag-aldozat","tag-baleset","tag-motoros"],"_links":{"self":[{"href":"https:\/\/www.agriatv.hu\/index.php?rest_route=\/wp\/v2\/posts\/25834","targetHints":{"allow":["GET"]}}],"collection":[{"href":"https:\/\/www.agriatv.hu\/index.php?rest_route=\/wp\/v2\/posts"}],"about":[{"href":"https:\/\/www.agriatv.hu\/index.php?rest_route=\/wp\/v2\/types\/post"}],"author":[{"embeddable":true,"href":"https:\/\/www.agriatv.hu\/index.php?rest_route=\/wp\/v2\/users\/4"}],"replies":[{"embeddable":true,"href":"https:\/\/www.agriatv.hu\/index.php?rest_route=%2Fwp%2Fv2%2Fcomments&post=25834"}],"version-history":[{"count":1,"href":"https:\/\/www.agriatv.hu\/index.php?rest_route=\/wp\/v2\/posts\/25834\/revisions"}],"predecessor-version":[{"id":25835,"href":"https:\/\/www.agriatv.hu\/index.php?rest_route=\/wp\/v2\/posts\/25834\/revisions\/25835"}],"wp:attachment":[{"href":"https:\/\/www.agriatv.hu\/index.php?rest_route=%2Fwp%2Fv2%2Fmedia&parent=25834"}],"wp:term":[{"taxonomy":"category","embeddable":true,"href":"https:\/\/www.agriatv.hu\/index.php?rest_route=%2Fwp%2Fv2%2Fcategories&post=25834"},{"taxonomy":"post_tag","embeddable":true,"href":"https:\/\/www.agriatv.hu\/index.php?rest_route=%2Fwp%2Fv2%2Ftags&post=25834"}],"curies":[{"name":"wp","href":"https:\/\/api.w.org\/{rel}","templated":true}]}}