{"id":2620,"date":"2010-11-09T20:28:34","date_gmt":"2010-11-09T20:28:34","guid":{"rendered":"http:\/\/www.agriatv.hu\/?p=2620"},"modified":"2010-11-09T20:28:34","modified_gmt":"2010-11-09T20:28:34","slug":"uj-hc-irodak-az-almagyardombi-kollegiumban","status":"publish","type":"post","link":"https:\/\/www.agriatv.hu\/?p=2620","title":{"rendered":"\u00daj HC irod\u00e1k az Almagyardombi Koll\u00e9giumban"},"content":{"rendered":"<p><img loading=\"lazy\" decoding=\"async\" class=\"alignleft\" src=\"http:\/\/www.egriszin.hu\/RenderedContents\/IndexImages\/6\/6665-20101109112651-SANY0110.JPG\" alt=\"\" width=\"150\" height=\"113\" \/><strong>A Hallgat\u00f3i Centrum komplex szolg\u00e1ltat\u00e1sokkal, meg\u00fajult  k\u00f6rnyezetben v\u00e1rja a hallgat\u00f3kat a ma d\u00e9lel\u0151tt \u00e1tadott Almagyardombi  k\u00f6zponti szervezeti egys\u00e9g\u00e9ben. A T\u00e9lk\u00f6sz\u00f6nt\u0151 Jamboree esem\u00e9ny\u00e9n forralt  borral \u00e9s pog\u00e1cs\u00e1val k\u00f6sz\u00f6nt\u00f6tt\u00e9k az \u00faj l\u00e9tes\u00edtm\u00e9nyt.<\/strong><\/p>\n<p>Dr. Kis-T\u00f3th Lajos, \u00e1ltal\u00e1nos \u00e9s fejleszt\u00e9si  rektorhelyettes \u00e9s Orsz\u00e1gh \u00c1kos, szakmai vezet\u0151 v\u00e1gta \u00e1t szalagot a  meg\u00fajult \u00e9p\u00fcletr\u00e9sz \u00e1tad\u00e1s\u00e1n.<br \/>\nA T\u00c1MOP \u201eKomplex szolg\u00e1ltat\u00e1sfejleszt\u00e9s  az Eszterh\u00e1zy K\u00e1roly F\u0151iskol\u00e1n a min\u0151s\u00e9gi gyakorlati k\u00e9pz\u00e9s \u00e9rdek\u00e9ben\u201d  c\u00edm\u0171 p\u00e1ly\u00e1zat\u00e1b\u00f3l megval\u00f3sul\u00f3 Almagyardombi k\u00f6zponti szervezeti egys\u00e9g  fejleszt\u00e9se sor\u00e1n a Hallgat\u00f3i Centrum irod\u00e1i k\u00f6lt\u00f6znek a Le\u00e1nyka \u00fatra.<\/p>\n<p>A  programot Kal\u00f3n\u00e9 Sz\u0171cs Erzs\u00e9bet, projektmenedzser, a Tanulm\u00e1nyi \u00e9s  Inform\u00e1ci\u00f3s K\u00f6zpont f\u0151igazgat\u00f3ja mutatta be a ma d\u00e9lel\u0151tti \u00e1tad\u00f3n. Az  Eszterh\u00e1zy K\u00e1roly F\u0151iskol\u00e1n ebben a f\u00e9l\u00e9vben 8109 f\u0151 tanul. Vannak olyan  szakok, amelyeken egy f\u00e9l\u00e9ves \u00f6sszef\u00fcgg\u0151 gyakorlatot kell tenni a  hallgat\u00f3knak. Ennek megval\u00f3s\u00edt\u00e1s\u00e1hoz, kiszolg\u00e1l\u00e1s\u00e1hoz t\u00f6bb helyen a  szervezeti egys\u00e9gek \u00e1talak\u00edt\u00e1s\u00e1ra volt sz\u00fcks\u00e9g. A most \u00e1tadott  koll\u00e9giumi \u00e9p\u00fcletr\u00e9sz t\u00f6bb sz\u00e1z itt \u00e9l\u0151 fiatal sz\u00e1m\u00e1ra ny\u00fajt  szolg\u00e1ltat\u00e1sokat. A Hallgat\u00f3i Centrum itt tal\u00e1lhat\u00f3 k\u00f6z\u00f6ss\u00e9gi ter\u00e9ben,  irod\u00e1iban karriertan\u00e1csad\u00e1st, ment\u00e1lhigi\u00e9n\u00e9s szolg\u00e1ltat\u00e1sokat, \u00e9s  koll\u00e9giumi \u00fcgyekkel kapcsolatos seg\u00edts\u00e9get is ig\u00e9nybe vehetnek a  hallgat\u00f3k.<br \/>\nA projektmenedzser hangs\u00falyozta, hogy a fejleszt\u00e9s kapcs\u00e1n  m\u00e9lt\u00f3 helyet kapott a Hallgat\u00f3i Centrum \u00f6sszetett feladatai  elv\u00e9gz\u00e9s\u00e9re.<\/p>\n<p><div class=\"wordtube\">\n<div class=\"wordtube single141\" id=\"WT1_1\" style=\"width:320px; height:240px;\">\n<a href=\"http:\/\/www.macromedia.com\/go\/getflashplayer\">Get the Flash Player<\/a> to see the wordTube Media Player.\n<\/div><\/div>\n\t<script type=\"text\/javascript\" defer=\"defer\">\nvar WT1_1 = {\n\tparams : {\n\t\twmode : \"opaque\",\n\t\tallowscriptaccess : \"always\",\n\t\tallownetworking : \"all\",\n\t\tallowfullscreen : \"true\"},\n\tflashvars : {\n\t\tfile : \"http%3A%2F%2Fwww.agriatv.hu%2Fwp-content%2Fuploads%2F2010%2F11%2F1109foiskola.flv\",\n\t\tvolume : \"80\",\n\t\tbufferlength : \"5\",\n\t\tquality : \"false\",\n\t\t'logo.hide' : \"false\",\n\t\timage : \"http%3A%2F%2Fwww.agriatv.hu%2Fwp-content%2Fuploads%2F2010%2F11%2F1109foiskola.jpg\",\n\t\ttitle : \"1109foiskola.flv\",\n\t\tlinktarget : \"_self\"},\n\tattr : {\n\t\tid : \"WT1\",\n\t\tname : \"WT1\"},\n\tstart : function() {\n\t\tswfobject.embedSWF(\"https:\/\/www.agriatv.hu\/\/player.swf\", \"WT1_1\", \"320\", \"240\", \"9.0.0\", false, this.flashvars, this.params , this.attr );\n\t}\n}\nWT1_1.start();\n\t<\/script>\n<br \/>\nA szervezeti egys\u00e9g \u00e1tad\u00e1sa a T\u00e9lk\u00f6sz\u00f6nt\u0151 Jamboree vid\u00e1m  rendezv\u00e9nysorozat egyik kiemelt esem\u00e9nye, jelentette ki Orsz\u00e1gh \u00c1kos,  szakmai vezet\u0151, a Hallgat\u00f3i Centrum igazgat\u00f3ja. A fejleszt\u00e9sek kapcs\u00e1n  elmondta, hogy a koll\u00e9gium f\u00f6ldszintj\u00e9t a program keret\u00e9ben  akad\u00e1lymentes\u00edtett\u00e9k. K\u00e9t tanul\u00f3szob\u00e1t multifunkcion\u00e1lis teremm\u00e9  alak\u00edtottak \u00e9s audiovizu\u00e1lis eszk\u00f6z\u00f6kkel szerelt\u00e9k fel ezeket.  Koll\u00e9giumi kiszolg\u00e1l\u00f3 helyis\u00e9geket, szoci\u00e1lis helyis\u00e9geket \u00faj\u00edtottak fel  \u00e9s alak\u00edtottak \u00e1t irod\u00e1kk\u00e1, multifunkcion\u00e1lis csoportszob\u00e1t \u00e9s  \u00fcgyf\u00e9lfogad\u00f3 teret hoztak l\u00e9tre. Az \u00e9p\u00fcletr\u00e9szben helyet kapott a  Tanulm\u00e1nyi tan\u00e1csad\u00f3 \u00e9s koll\u00e9giumi iroda, a Karrier \u00e9s gyakorlati hely  koordin\u00e1ci\u00f3s iroda, a Projekt- \u00e9s tr\u00e9ningszoba, az Alumni \u00e9s DPR iroda.<\/p>\n<p>Forr\u00e1s: <a href=\"www.egriszin.hu\">egrisz\u00edn<\/a><\/p>\n","protected":false},"excerpt":{"rendered":"<p>A Hallgat\u00f3i Centrum komplex szolg\u00e1ltat\u00e1sokkal, meg\u00fajult  k\u00f6rnyezetben v\u00e1rja a hallgat\u00f3kat a ma d\u00e9lel\u0151tt \u00e1tadott Almagyardombi  k\u00f6zponti szervezeti egys\u00e9g\u00e9ben. A T\u00e9lk\u00f6sz\u00f6nt\u0151 Jamboree esem\u00e9ny\u00e9n forralt  borral \u00e9s pog\u00e1cs\u00e1val k\u00f6sz\u00f6nt\u00f6tt\u00e9k az \u00faj l\u00e9tes\u00edtm\u00e9nyt.<br \/>\nDr. Kis-T\u00f3th Lajos, \u00e1ltal\u00e1nos \u00e9s fejleszt\u00e9si  rektorhelyettes \u00e9s Orsz\u00e1gh \u00c1kos, szakmai vezet\u0151 v\u00e1gta \u00e1t szalagot a  meg\u00fajult \u00e9p\u00fcletr\u00e9sz \u00e1tad\u00e1s\u00e1n.<br \/>\nA T\u00c1MOP \u201eKomplex [&#8230;]<\/p>\n","protected":false},"author":4,"featured_media":0,"comment_status":"open","ping_status":"closed","sticky":false,"template":"","format":"standard","meta":{"footnotes":""},"categories":[9],"tags":[],"class_list":["post-2620","post","type-post","status-publish","format-standard","hentry","category-oktatas"],"_links":{"self":[{"href":"https:\/\/www.agriatv.hu\/index.php?rest_route=\/wp\/v2\/posts\/2620","targetHints":{"allow":["GET"]}}],"collection":[{"href":"https:\/\/www.agriatv.hu\/index.php?rest_route=\/wp\/v2\/posts"}],"about":[{"href":"https:\/\/www.agriatv.hu\/index.php?rest_route=\/wp\/v2\/types\/post"}],"author":[{"embeddable":true,"href":"https:\/\/www.agriatv.hu\/index.php?rest_route=\/wp\/v2\/users\/4"}],"replies":[{"embeddable":true,"href":"https:\/\/www.agriatv.hu\/index.php?rest_route=%2Fwp%2Fv2%2Fcomments&post=2620"}],"version-history":[{"count":2,"href":"https:\/\/www.agriatv.hu\/index.php?rest_route=\/wp\/v2\/posts\/2620\/revisions"}],"predecessor-version":[{"id":2628,"href":"https:\/\/www.agriatv.hu\/index.php?rest_route=\/wp\/v2\/posts\/2620\/revisions\/2628"}],"wp:attachment":[{"href":"https:\/\/www.agriatv.hu\/index.php?rest_route=%2Fwp%2Fv2%2Fmedia&parent=2620"}],"wp:term":[{"taxonomy":"category","embeddable":true,"href":"https:\/\/www.agriatv.hu\/index.php?rest_route=%2Fwp%2Fv2%2Fcategories&post=2620"},{"taxonomy":"post_tag","embeddable":true,"href":"https:\/\/www.agriatv.hu\/index.php?rest_route=%2Fwp%2Fv2%2Ftags&post=2620"}],"curies":[{"name":"wp","href":"https:\/\/api.w.org\/{rel}","templated":true}]}}