{"id":284,"date":"2010-07-02T10:25:00","date_gmt":"2010-07-02T10:25:00","guid":{"rendered":"http:\/\/www.agriatv.hu\/?p=284"},"modified":"2010-07-02T10:25:13","modified_gmt":"2010-07-02T10:25:13","slug":"fesztivalok-orszaga-borok-varosa","status":"publish","type":"post","link":"https:\/\/www.agriatv.hu\/?p=284","title":{"rendered":"Fesztiv\u00e1lok orsz\u00e1ga, borok v\u00e1rosa"},"content":{"rendered":"<p class=\"cikkcikkei\">&nbsp;<\/p>\n<p><img decoding=\"async\" align=\"left\" class=\"kiskepcikkhez\" src=\"http:\/\/www.egriszin.hu\/RenderedContents\/IndexImages\/5\/5719-20100702092352-SANY1168.JPG\" title=\"\" \/><\/p>\n<p><b>&Uacute;gy t\u0171nik, hogy az el\u0151zetes bor&uacute;l&aacute;t&aacute;s ellen&eacute;re a ny&aacute;r k&ouml;zep&eacute;re az id\u0151j&aacute;r&aacute;s is megemberelte mag&aacute;t, amivel a kultur&aacute;lis aktivit&aacute;s is egy&uuml;tt j&aacute;r haz&aacute;nkban. A 25 fokos balatoni v&iacute;zh\u0151m&eacute;rs&eacute;klet mellett nem lehet nem &eacute;szre venni, hogy elkezd\u0151d&ouml;tt a fesztiv&aacute;lszezon. <\/b><\/p>\n<p align=\"justify\">Egym&aacute;st &eacute;rik a fesztiv&aacute;lok haz&aacute;nkban. Nem t&uacute;lz&aacute;s azt &aacute;ll&iacute;tani, hogy a fesztiv&aacute;lok orsz&aacute;ga lett&uuml;nk, hiszen nemcsak a nagyobb v&aacute;rosok, de kisebb telep&uuml;l&eacute;sek is fesztiv&aacute;lokat, mulats&aacute;gokat rendezve eleven&iacute;tik fel hagyom&aacute;nyaikat &eacute;s cs&aacute;b&iacute;tj&aacute;k a turist&aacute;kat. Az a telep&uuml;l&eacute;s egy kicsit is ad mag&aacute;ra, el\u0151&aacute;ll valami helyi k&uuml;l&ouml;nlegess&eacute;ggel. &Iacute;gy &ouml;r&uuml;lhet&uuml;nk a szomolyai Cseresznyefesztiv&aacute;lnak, az Anna-napi S&iacute;kf\u0151k&uacute;ti T&oacute;fesztiv&aacute;lnak&nbsp; a Bog&aacute;csi Nemzetk&ouml;zi Dalostal&aacute;lkoz&oacute;nak &eacute;s a Zs&oacute;ry Fesztiv&aacute;lnak a k&ouml;rny&eacute;ken, vagy a Borsodn&aacute;dasdi Moln&aacute;rkal&aacute;cs Fesztiv&aacute;lnak, de olyanoknak is, mint p&eacute;ld&aacute;ul a Csorv&aacute;si B&uacute;zafesztiv&aacute;l, a Mernyei Krumplis Fesztiv&aacute;l, a b&eacute;k&eacute;scsabai Borj&uacute;r&eacute;ti &Ouml;sszn&eacute;pi Fesztiv&aacute;l, a Tiszazugi Zenei Fesztiv&aacute;l, a zalakarosi Kannavir&aacute;g-fesztiv&aacute;l, a S&ouml;r-F&uuml;rd\u0151 Fesztiv&aacute;l Kiskunmajs&aacute;n, a Fa&uuml;nnep Csoda-Fa-Falv&aacute;n &eacute;s m&eacute;g hosszan lehetne sorolni a sz&aacute;mtalan bor-, gomb&oacute;c-, derelye-, palacsinta-, guly&aacute;s- hal&aacute;szl&eacute; &eacute;s egy&eacute;b gasztron&oacute;miai rendezv&eacute;nyt, a t&ouml;bb &eacute;vtizedes m&uacute;ltra visszatekint\u0151 megsz&aacute;ml&aacute;lhatatlan s&ouml;rfesztiv&aacute;lr&oacute;l nem is besz&eacute;lve.<br \/>\n\tA fesztiv&aacute;lok egyik t&iacute;pusa a gasztron&oacute;mia k&ouml;r&uuml;l forog, amelyeken bor- &eacute;s &eacute;telk&uuml;l&ouml;nlegess&eacute;geket k&iacute;n&aacute;lnak a l&aacute;togat&oacute;knak, Eger ezek k&ouml;z&ouml;tt el\u0151kel\u0151 helyen &aacute;ll.<br \/>\n\tA m&aacute;sik nagy csoportba a hagyom&aacute;ny\u0151rz\u0151 rendezv&eacute;nyek, a n&eacute;pm\u0171v&eacute;szet &eacute;s folkl&oacute;r tartoznak, erre j&oacute; p&eacute;lda az egri T&ouml;rt&eacute;nelmi Vigass&aacute;gok, &eacute;s az orsz&aacute;g sz&aacute;mos ter&uuml;let&eacute;n a t&ouml;rt&eacute;nelmi eml&eacute;khelyekhez, m\u0171eml&eacute;kekhez, v&aacute;rakhoz valamint a n&eacute;phagyom&aacute;nyhoz, &uuml;nnepk&ouml;r&ouml;kh&ouml;z kapcsol&oacute;d&oacute; fesztiv&aacute;lok, mint az Mesters&eacute;gek &Uuml;nnepe a Budai V&aacute;rban, vagy a Mediterr&aacute;n Tenkesalja Fesztiv&aacute;l Sikl&oacute;son.<br \/>\n\tNem maradhat ki a sport sem a fesztiv&aacute;lok sor&aacute;b&oacute;l, mint a Kunszentmikl&oacute;si Fogathajt&oacute; Verseny, a Szilv&aacute;sv&aacute;radi Lovas Napok, a Budapesti Sportfesztiv&aacute;l a V&aacute;rosligetben, Balaton Beach Tour Sportfesztiv&aacute;l, a Foci &eacute;s Sportfesztiv&aacute;l R&eacute;pcelakon &eacute;s az Orsz&aacute;gos N\u0151i Sportfesztiv&aacute;l a N&eacute;pligetben.<br \/>\n\tAz &ouml;sszm\u0171v&eacute;szeti fesztiv&aacute;lok nagy csoportj&aacute;ba tartoznak az &uuml;nnepi j&aacute;t&eacute;kok, a zenei tal&aacute;lkoz&oacute;k, sz&iacute;npadi produkci&oacute;k amelyek k&ouml;z&uuml;l &eacute;rdemes megeml&iacute;teni a &quot;Sz&aacute;rnyas S&aacute;rk&aacute;ny&quot; Hete Nemzetk&ouml;zi Utcasz&iacute;nh&aacute;zi Fesztiv&aacute;lt Ny&iacute;rb&aacute;torban, aVeszpr&eacute;mi Utcazene Fesztiv&aacute;lt, a Balatonf&uuml;redi M\u0171v&eacute;szeti Fesztiv&aacute;lt, a szombathelyi AGORA Fesztiv&aacute;lt, a Homokh&aacute;ti Sokadalom 10 napos rendezv&eacute;nysorozat&aacute;t &eacute;s a Szentjakabi Ny&aacute;ri Est&eacute;ket.<\/p>\n<p align=\"justify\">A ny&aacute;r a motoros tal&aacute;lkoz&oacute;k id\u0151szaka is, k&ouml;rny&eacute;k&uuml;nk&ouml;n Sirok &eacute;rdekelt imm&aacute;r 11. alkalommal. Emellett t&ouml;bb tucatb&oacute;l v&aacute;logathatnak a motoros rockerek orsz&aacute;gszerte. A zen&eacute;s bulikra v&aacute;gy&oacute;k sz&aacute;m&aacute;ra lesz Nemzetk&ouml;zi Kamionos Country Tal&aacute;lkoz&oacute; Szeged-Sziks&oacute;sf&uuml;rd\u0151n &eacute;s Si&oacute;folk Fesztiv&aacute;l, valamint Nagy countryfesztiv&aacute;l a Balatonn&aacute;l.<br \/>\n\t31 &eacute;ves m&uacute;ltra tekint vissza a Di&oacute;sgy\u0151ri Kal&aacute;ka Fesztiv&aacute;l, r&eacute;gi&oacute; legnagyobb zenei esem&eacute;nye, &eacute;s a 20 &eacute;ves M\u0171v&eacute;szetek V&ouml;lgye a Dun&aacute;nt&uacute;lon. Meg kell eml&iacute;teni a paksi Gasztroblues Fesztiv&aacute;lt, mely a bor &eacute;s a zene vil&aacute;g&aacute;nak k&uuml;l&ouml;nlegess&eacute;geire alapoz.<\/p>\n<p align=\"justify\">A legh&iacute;resebbek az orsz&aacute;g legjei, amelyekre haz&aacute;nk minden pontj&aacute;r&oacute;l &eacute;s hat&aacute;rainkon t&uacute;lr&oacute;l is &ouml;z&ouml;nlenek a fiatalok. Kihagyhatatlan a soproni Volt, a Hegyalja, a m&aacute;ra nemzetk&ouml;zi h&iacute;rn&eacute;vvel b&iacute;r&oacute; Balaton Sound, az EFOTT, melyet az id&eacute;n j&uacute;lius 13-t&oacute;l 18-ig Orf\u0171n rendeznek, valamint a megalom&aacute;n \u0151r&uuml;let a Sziget Fesztiv&aacute;l.<br \/>\n\tA hazai k&ouml;nny\u0171zenei &eacute;let legjav&aacute;t felvonultat&oacute; fesztiv&aacute;lok vil&aacute;gszt&aacute;rokkal is b\u0151s&eacute;gesen szolg&aacute;lnak, &iacute;gy a j&uacute;nius 30-t&oacute;l j&uacute;lius 3-ig tart&oacute; Volt Fesztiv&aacute;lon a magyar rocklegend&aacute;k&nbsp; mellett Billy Idol, Tiga, Andy C &amp; MC GQ, a Parov Stelar Band &eacute;s az Air is fell&eacute;p.<br \/>\n\tA J&uacute;lius 8 &eacute;s 11 k&ouml;z&ouml;tt Zam&aacute;rdiban rendezett Balaton Sound idei vend&eacute;gei a&nbsp; PET SHOP BOYS, a CHEMICAL BROTHERS, DAVID GUETTA, &eacute;s a JAMIROQUAI lesznek.<br \/>\n\tAz orf\u0171i EFOTT-on sem lazs&aacute;lnak, Korda Gy&ouml;rgyt\u0151l a Tankcsapd&aacute;ig szinte mindenki sz&iacute;npadra &aacute;ll.<br \/>\n\tK&ouml;z&eacute;p-Eur&oacute;pa egyik legnagyobb bulija a Sziget, a nagy sz&aacute;mok fesztiv&aacute;lja, olyan szuperprodukci&oacute;kkal rukkol el\u0151 id&eacute;n, mint a Madness, a Faithless, a Thirty Seconds to Mars, az Iron Maiden, a Muse, valamint a hazai &eacute;s nemzetk&ouml;zi pop rock &eacute;s vil&aacute;gzene legnagyobbjai.<br \/>\n\tMindez csak v&aacute;logat&aacute;s a fantasztikus k&iacute;n&aacute;latb&oacute;l, mely k&ouml;nnyed&eacute;n felkorb&aacute;csolja a v&aacute;gyakat. A v&aacute;gyaknak persze a gazdas&aacute;gi v&aacute;ls&aacute;g t&eacute;p&aacute;zta p&eacute;nzt&aacute;rca szab hat&aacute;rt, meg a meglehet\u0151sen dr&aacute;ga utaz&aacute;si k&ouml;lts&eacute;gek.<\/p>\n<p align=\"justify\">\n\tA bor v&aacute;rosa Eger a nagy fesztiv&aacute;lokat n&eacute;zve egyel\u0151re nem tartozik bele az orsz&aacute;gos v&eacute;rkering&eacute;sbe, legal&aacute;bbis ami a sz&oacute;rakoztat&oacute; kort&aacute;rs m\u0171v&eacute;szetet illeti. Els\u0151sorban hagyom&aacute;ny\u0151rz\u0151 rendezv&eacute;nyekkel &eacute;s a borkult&uacute;r&aacute;val van jelen a fesztiv&aacute;lk&iacute;n&aacute;latban. Ilyen az id&eacute;n 35 &eacute;ves Agria Ny&aacute;ri J&aacute;t&eacute;kok, ami j&uacute;lius 2-t\u0151l augusztus 31-ig tart.<br \/>\n\tTizennegyedik alkalommal rendezik meg a Szent Don&aacute;t napj&aacute;hoz k&ouml;t\u0151d\u0151 Egri Bikav&eacute;r &uuml;nnep&eacute;t j&uacute;lius 9 &eacute;s 11 k&ouml;z&ouml;tt, amelyen a v&aacute;ros vil&aacute;gh&iacute;r\u0171 bora mell&eacute; a helyi vend&eacute;gl\u0151k k&iacute;n&aacute;lj&aacute;k az &iacute;nyencfalatokat. Mindehhez jazz &eacute;s n&eacute;pzenei el\u0151ad&aacute;sok kapcsol&oacute;dnak.<br \/>\n\tK&eacute;ts&eacute;gtelen, hogy a legl&aacute;tv&aacute;nyosabb attrakci&oacute;t a j&uacute;lius 15-t\u0151l 25-ig tart&oacute; T&ouml;rt&eacute;nelmi Vigass&aacute;gok programsorozat jelenti, a t&ouml;rt&eacute;nelmi belv&aacute;rosban. Az esem&eacute;nysorozat r&eacute;sze a hist&oacute;ri&aacute;s id\u0151ket feleleven&iacute;t\u0151 V&eacute;gv&aacute;ri Vigass&aacute;gok &eacute;s a K&ouml;z&eacute;pkori Piact&eacute;r, mely &eacute;vsz&aacute;zadokon &aacute;t&iacute;vel\u0151 id\u0151utaz&aacute;sra cs&aacute;b&iacute;tja a kicsiket &eacute;s nagyokat egyar&aacute;nt.<br \/>\n\tEgy-egy est&eacute;re is elmer&uuml;lhet&uuml;nk a mel&oacute;di&aacute;k &eacute;s a borok vil&aacute;g&aacute;ba, ezt k&iacute;n&aacute;lja a j&uacute;lius elej&eacute;n rendezend\u0151 Strauss est a Kis Dob&oacute; t&eacute;ren, valamint Sass Szilvia koncertje a j&uacute;lius 16-&aacute;n, a Minorita Templomban. Augusztusban randev&uacute;zhatunk m&eacute;g a Strandfesztiv&aacute;lon, az Egri Le&aacute;nyk&aacute;k &Eacute;jszak&aacute;j&aacute;n a V&aacute;ros alatt, de &aacute;muldozhatunk a Civil Csillagok elnevez&eacute;s\u0171 t&ouml;rt&eacute;nelmi hagyom&aacute;ny\u0151rz\u0151 fesztiv&aacute;lon a v&aacute;rban.<br \/>\n\tA Dob&oacute; t&eacute;r ad otthont a Bormustr&aacute;t &eacute;s a 22. Agria Nemzetk&ouml;zi N&eacute;pt&aacute;nctal&aacute;lkoz&oacute;t mag&aacute;ba foglal&oacute; esem&eacute;nynek, az augusztus 19 &eacute;s 22. k&ouml;z&ouml;tti h&eacute;tv&eacute;g&eacute;n, amit az Egri N&eacute;pzenei G&aacute;la k&ouml;vet egy h&eacute;ttel k&eacute;s\u0151bb.<br \/>\n\tCsak a k&iacute;n&aacute;latot olvasva is belesz&eacute;d&uuml;l&uuml;nk a kultur&aacute;lis kavalk&aacute;dba, ha valaki esetleg t&uacute;l&eacute;li a nyarat fantasztikus &eacute;lm&eacute;nyanyaggal v&aacute;ghat neki a dolgos h&eacute;tk&ouml;znapoknak, &aacute;m azt &iacute;g&eacute;ri a v&aacute;ros, hogy az \u0151sz sem lesz k&iacute;m&eacute;letes.<br \/>\n\tSzeptemberben v&aacute;rhat&oacute; az Eger &Uuml;nnepe, a Sz&uuml;reti mulats&aacute;g, okt&oacute;berben az Egri V&aacute;r Napja, valamint a Sz&eacute;passzonyv&ouml;lgyi Diszn&oacute;toros, amit novemberben az V. Pal&oacute;c G&aacute;la &eacute;s a M&aacute;rton Napi Mulats&aacute;g k&ouml;vet. A t&eacute;li &uuml;nnepk&ouml;rt &eacute;s a Bor &Eacute;v&eacute;t az Egri Advent, a Szent J&aacute;nos Napi Borszentel&eacute;s &eacute;s X. Egri Borszalon teszi teljess&eacute;.<br \/>\n\ta kort&aacute;rs m\u0171v&eacute;szet kedvel\u0151it az &bdquo;artAlom&rdquo; fesztiv&aacute;l v&aacute;rja szeptember 27 &eacute;s 29 k&ouml;z&ouml;tt a Kis Zsinag&oacute;g&aacute;ban.<br \/>\n\tSenki sem pihenhet a ny&aacute;ron, kalandra fel!<\/p>\n<p align=\"justify\">Forr&aacute;s: Egrisz&iacute;n<\/p>\n","protected":false},"excerpt":{"rendered":"<p>&nbsp;<\/p>\n<p>&Uacute;gy t\u0171nik, hogy az el\u0151zetes bor&uacute;l&aacute;t&aacute;s ellen&eacute;re a ny&aacute;r k&ouml;zep&eacute;re az id\u0151j&aacute;r&aacute;s is megemberelte mag&aacute;t, amivel a kultur&aacute;lis aktivit&aacute;s is egy&uuml;tt j&aacute;r haz&aacute;nkban. A 25 fokos balatoni v&iacute;zh\u0151m&eacute;rs&eacute;klet mellett nem lehet nem &eacute;szre venni, hogy elkezd\u0151d&ouml;tt a fesztiv&aacute;lszezon.<br \/>\nEgym&aacute;st &eacute;rik a fesztiv&aacute;lok haz&aacute;nkban. Nem t&uacute;lz&aacute;s azt &aacute;ll&iacute;tani, hogy a fesztiv&aacute;lok orsz&aacute;ga lett&uuml;nk, hiszen nemcsak a [&#8230;]<\/p>\n","protected":false},"author":4,"featured_media":0,"comment_status":"closed","ping_status":"open","sticky":false,"template":"","format":"standard","meta":{"footnotes":""},"categories":[4],"tags":[],"class_list":["post-284","post","type-post","status-publish","format-standard","hentry","category-szabadido"],"_links":{"self":[{"href":"https:\/\/www.agriatv.hu\/index.php?rest_route=\/wp\/v2\/posts\/284","targetHints":{"allow":["GET"]}}],"collection":[{"href":"https:\/\/www.agriatv.hu\/index.php?rest_route=\/wp\/v2\/posts"}],"about":[{"href":"https:\/\/www.agriatv.hu\/index.php?rest_route=\/wp\/v2\/types\/post"}],"author":[{"embeddable":true,"href":"https:\/\/www.agriatv.hu\/index.php?rest_route=\/wp\/v2\/users\/4"}],"replies":[{"embeddable":true,"href":"https:\/\/www.agriatv.hu\/index.php?rest_route=%2Fwp%2Fv2%2Fcomments&post=284"}],"version-history":[{"count":2,"href":"https:\/\/www.agriatv.hu\/index.php?rest_route=\/wp\/v2\/posts\/284\/revisions"}],"predecessor-version":[{"id":286,"href":"https:\/\/www.agriatv.hu\/index.php?rest_route=\/wp\/v2\/posts\/284\/revisions\/286"}],"wp:attachment":[{"href":"https:\/\/www.agriatv.hu\/index.php?rest_route=%2Fwp%2Fv2%2Fmedia&parent=284"}],"wp:term":[{"taxonomy":"category","embeddable":true,"href":"https:\/\/www.agriatv.hu\/index.php?rest_route=%2Fwp%2Fv2%2Fcategories&post=284"},{"taxonomy":"post_tag","embeddable":true,"href":"https:\/\/www.agriatv.hu\/index.php?rest_route=%2Fwp%2Fv2%2Ftags&post=284"}],"curies":[{"name":"wp","href":"https:\/\/api.w.org\/{rel}","templated":true}]}}