{"id":2863,"date":"2010-12-02T21:31:11","date_gmt":"2010-12-02T21:31:11","guid":{"rendered":"http:\/\/www.agriatv.hu\/?p=2863"},"modified":"2010-12-02T21:31:40","modified_gmt":"2010-12-02T21:31:40","slug":"pincetol-a-padlasig-bemutattak-a-liceum-projektet","status":"publish","type":"post","link":"https:\/\/www.agriatv.hu\/?p=2863","title":{"rendered":"Pinc\u00e9t\u0151l a padl\u00e1sig- bemutatt\u00e1k a L\u00edceum-projektet"},"content":{"rendered":"<p><a href=\"https:\/\/www.agriatv.hu\/wp-content\/uploads\/2010\/12\/1202ekf_v.jpg\"><img loading=\"lazy\" decoding=\"async\" class=\"alignleft size-thumbnail wp-image-2864\" title=\"1202ekf_v\" src=\"https:\/\/www.agriatv.hu\/wp-content\/uploads\/2010\/12\/1202ekf_v-150x150.jpg\" alt=\"\" width=\"120\" height=\"98\" \/><\/a><\/p>\n<p><strong>A L\u00edceum \u00e9p\u00fclet\u00e9nek rekonstrukci\u00f3ja az \u00fctemterv szerint halad egy  \u00e9vvel a teljes\u00edt\u00e9s hat\u00e1rideje el\u0151tt, der\u00fclt ki a beruh\u00e1z\u00e1sr\u00f3l tartott ma  d\u00e9lel\u0151tti t\u00e1j\u00e9koztat\u00f3n. A helysz\u00edni bej\u00e1r\u00e1son a m\u00e1r k\u00e9sz helyis\u00e9geket,  valamint a m\u00e9lyf\u00f6ldszinti munk\u00e1latokat is bemutatt\u00e1k.<\/strong><\/p>\n<p>Szervezett helysz\u00edni bej\u00e1r\u00e1ssal k\u00e9sz\u00fcltek az  int\u00e9zm\u00e9ny rekonstrukci\u00f3j\u00e1nak munk\u00e1lataiba m\u00e9lyebb betekint\u00e9st ny\u00fajtani a  kivitelez\u0151k ma d\u00e9lel\u0151tt, a L\u00edceumban.<br \/>\nA munka megtekint\u00e9se el\u0151tt  t\u00e1j\u00e9koztat\u00f3 keret\u00e9ben sz\u00e1molt be a f\u0151iskola vezet\u0151je, a projekt  menedzsere \u00e9s a kivitelez\u0151 az aktu\u00e1lis helyzetr\u0151l.<br \/>\nDr. Hauser Zolt\u00e1n,  az Eszterh\u00e1zy K\u00e1roly F\u0151iskola rektora a \u201eL\u00edceum a term\u00e9szettudom\u00e1ny\u00e9rt\u201d  c\u00edm\u0171 projekt keret\u00e9ben foly\u00f3 munk\u00e1latok kapcs\u00e1n elmondta, hogy a  program egy\u00fctt kezeli a m\u0171eml\u00e9k-helyre\u00e1ll\u00edt\u00e1s \u00e9s a fels\u0151oktat\u00e1s  fejleszt\u00e9s k\u00e9rd\u00e9s\u00e9t. Az iskola vezet\u00e9se sz\u00e1m\u00e1ra k\u00fcl\u00f6n\u00f6sen nagy \u00e9rt\u00e9k a  L\u00edceum, hiszen ez volt a t\u00f6rt\u00e9nelmi Magyarorsz\u00e1gon az els\u0151 olyan \u00e9p\u00fclet,  amelyet egyetem c\u00e9llal emeltek, mondta el a rektor, az 1774-ben m\u00e1r  haszn\u00e1lt \u00e9p\u00fcletr\u0151l.<\/p>\n<p>A k\u00fcls\u0151 jegyeiben l\u00e1tv\u00e1nyosan meg\u00fajul\u00f3 \u00e9p\u00fclet  \u00e1talakul\u00e1sa hossz\u00fa egyeztet\u00e9sek eredm\u00e9nye. A kivitelez\u0151vel meg vannak  el\u00e9gedve, az id\u0151j\u00e1r\u00e1s viszont nem kedvezett az eddigi munk\u00e1knak,  foglalta \u00f6ssze a tapasztalatokat az int\u00e9zm\u00e9ny vezet\u0151je.<br \/>\nA projekt  kor\u00e1bban vesz\u00e9lybe ker\u00fclt, az udvaron tal\u00e1lhat\u00f3 r\u00e9g\u00e9szeti eml\u00e9kek miatt  elmaradt Infot\u00f3rium kapcs\u00e1n. Megvolt a vesz\u00e9ly, hogy az eg\u00e9szet  le\u00e1ll\u00edtj\u00e1k, mondta el Wiedermann J\u00e1nos a projekt menedzsere a  neh\u00e9zs\u00e9gekr\u0151l sz\u00f3lva.<\/p>\n<div class=\"wordtube\">\n<div class=\"wordtube single162\" id=\"WT1_1\" style=\"width:320px; height:240px;\">\n<a href=\"http:\/\/www.macromedia.com\/go\/getflashplayer\">Get the Flash Player<\/a> to see the wordTube Media Player.\n<\/div><\/div>\n\t<script type=\"text\/javascript\" defer=\"defer\">\nvar WT1_1 = {\n\tparams : {\n\t\twmode : \"opaque\",\n\t\tallowscriptaccess : \"always\",\n\t\tallownetworking : \"all\",\n\t\tallowfullscreen : \"true\"},\n\tflashvars : {\n\t\tfile : \"http%3A%2F%2Fwww.agriatv.hu%2Fwp-content%2Fuploads%2F2010%2F12%2F1202ekf.flv\",\n\t\tvolume : \"80\",\n\t\tbufferlength : \"5\",\n\t\tquality : \"false\",\n\t\t'logo.hide' : \"false\",\n\t\timage : \"http%3A%2F%2Fwww.agriatv.hu%2Fwp-content%2Fuploads%2F2010%2F12%2F1202ekf.jpg\",\n\t\ttitle : \"1202ekf.flv\",\n\t\tlinktarget : \"_self\"},\n\tattr : {\n\t\tid : \"WT1\",\n\t\tname : \"WT1\"},\n\tstart : function() {\n\t\tswfobject.embedSWF(\"https:\/\/www.agriatv.hu\/\/player.swf\", \"WT1_1\", \"320\", \"240\", \"9.0.0\", false, this.flashvars, this.params , this.attr );\n\t}\n}\nWT1_1.start();\n\t<\/script>\n\n<p>A programb\u00f3l kiker\u00fcl\u0151  Infot\u00f3rium miatt szerz\u0151d\u00e9sm\u00f3dos\u00edt\u00e1sra volt sz\u00fcks\u00e9g. Ez probl\u00e9ma a  funkci\u00f3k Le\u00e1nyka \u00fati Campusra t\u00f6rt\u00e9n\u0151 \u00e1thelyez\u00e9s\u00e9vel old\u00f3dott meg. A  beruh\u00e1z\u00e1s enged\u00e9lyes tervei n\u00e9h\u00e1ny hete k\u00e9sz\u00fcltek el.<br \/>\nA tervezett  hat\u00e1rid\u0151t tartani tudj\u00e1k, az \u00e9p\u00fclet egyes r\u00e9szeit hamarosan m\u00e1r  haszn\u00e1lhatj\u00e1k is, jelentette ki T\u00f3th Imre a kivitelez\u0151 Imola C\u00e9gcsoport  vezet\u0151je.<\/p>\n<p>Heim Imre, a HUN\u00c9P Universal Zrt. \u00e9s az  Imola \u00c9p\u00edt\u0151 Kft. \u00e1ltal l\u00e9trehozott m\u00e9rn\u00f6ki iroda vezet\u0151je sz\u00e1mokkal  \u00e9rz\u00e9keltette az 5,3 milli\u00e1rd \u00f6sszk\u00f6lts\u00e9g\u0171 beruh\u00e1z\u00e1s nagys\u00e1g\u00e1t.<br \/>\nA  L\u00edceum \u00e9p\u00fclet\u00e9nek revitaliz\u00e1ci\u00f3j\u00e1ra m\u00e1sf\u00e9l milli\u00e1rdot ford\u00edtanak, m\u00e1sf\u00e9l  milli\u00e1rdot pedig az \u00faj funkcion\u00e1lis terek l\u00e9trehoz\u00e1s\u00e1ra, ide tartozik a  Le\u00e1nyka \u00fati \u00e9p\u00fclet fejleszt\u00e9se, a l\u00edceum oktat\u00f3ter\u00e9nek b\u0151v\u00edt\u00e9se a  m\u00e9lyf\u00f6ldszinten laborat\u00f3riumokkal, multim\u00e9di\u00e1s k\u00f6rnyezettel \u00e9s az  Informatikai K\u00f6zponttal. Az \u00e9p\u00fcletre \u00f6sszesen h\u00e1rom milli\u00e1rdot  ford\u00edtanak.<br \/>\nA L\u00edceum b\u0151v\u00edt\u00e9se sor\u00e1n 1500 k\u00f6bm\u00e9ter f\u00f6ldet t\u00e1vol\u00edtottak  el a m\u00e9lyf\u00f6ldszintr\u0151l, az els\u0151 \u00e9s a m\u00e1sodik szinten teljes k\u00f6r\u0171  \u00e1talak\u00edt\u00e1s t\u00f6rt\u00e9nik, b\u0151v\u00fclnek az \u00f6n\u00e1ll\u00f3 tanul\u00e1si terek. A  term\u00e9szettudom\u00e1nyi oktat\u00e1st seg\u00edti a Var\u00e1zstorony b\u0151v\u00edt\u00e9se.<\/p>\n<p>A  Le\u00e1nyka \u00fati \u00e9p\u00fcletben 1700 n\u00e9gyzetm\u00e9teren az innov\u00e1ci\u00f3s felt\u00e9telek  jav\u00edt\u00e1s\u00e1t seg\u00edt\u0151 laborat\u00f3riumi k\u00f6rnyezetet hoznak l\u00e9tre k\u00f6r\u00fclbel\u00fcl  egymilli\u00e1rdos k\u00f6lts\u00e9ggel.<\/p>\n<p>Forr\u00e1s: <a href=\"www.egriszin.hu\">Egrisz\u00edn<\/a><\/p>\n","protected":false},"excerpt":{"rendered":"<p>A L\u00edceum \u00e9p\u00fclet\u00e9nek rekonstrukci\u00f3ja az \u00fctemterv szerint halad egy  \u00e9vvel a teljes\u00edt\u00e9s hat\u00e1rideje el\u0151tt, der\u00fclt ki a beruh\u00e1z\u00e1sr\u00f3l tartott ma  d\u00e9lel\u0151tti t\u00e1j\u00e9koztat\u00f3n. A helysz\u00edni bej\u00e1r\u00e1son a m\u00e1r k\u00e9sz helyis\u00e9geket,  valamint a m\u00e9lyf\u00f6ldszinti munk\u00e1latokat is bemutatt\u00e1k.<br \/>\nSzervezett helysz\u00edni bej\u00e1r\u00e1ssal k\u00e9sz\u00fcltek az  int\u00e9zm\u00e9ny rekonstrukci\u00f3j\u00e1nak munk\u00e1lataiba m\u00e9lyebb betekint\u00e9st ny\u00fajtani a  kivitelez\u0151k ma d\u00e9lel\u0151tt, a [&#8230;]<\/p>\n","protected":false},"author":4,"featured_media":0,"comment_status":"open","ping_status":"closed","sticky":false,"template":"","format":"standard","meta":{"footnotes":""},"categories":[9],"tags":[],"class_list":["post-2863","post","type-post","status-publish","format-standard","hentry","category-oktatas"],"_links":{"self":[{"href":"https:\/\/www.agriatv.hu\/index.php?rest_route=\/wp\/v2\/posts\/2863","targetHints":{"allow":["GET"]}}],"collection":[{"href":"https:\/\/www.agriatv.hu\/index.php?rest_route=\/wp\/v2\/posts"}],"about":[{"href":"https:\/\/www.agriatv.hu\/index.php?rest_route=\/wp\/v2\/types\/post"}],"author":[{"embeddable":true,"href":"https:\/\/www.agriatv.hu\/index.php?rest_route=\/wp\/v2\/users\/4"}],"replies":[{"embeddable":true,"href":"https:\/\/www.agriatv.hu\/index.php?rest_route=%2Fwp%2Fv2%2Fcomments&post=2863"}],"version-history":[{"count":5,"href":"https:\/\/www.agriatv.hu\/index.php?rest_route=\/wp\/v2\/posts\/2863\/revisions"}],"predecessor-version":[{"id":2874,"href":"https:\/\/www.agriatv.hu\/index.php?rest_route=\/wp\/v2\/posts\/2863\/revisions\/2874"}],"wp:attachment":[{"href":"https:\/\/www.agriatv.hu\/index.php?rest_route=%2Fwp%2Fv2%2Fmedia&parent=2863"}],"wp:term":[{"taxonomy":"category","embeddable":true,"href":"https:\/\/www.agriatv.hu\/index.php?rest_route=%2Fwp%2Fv2%2Fcategories&post=2863"},{"taxonomy":"post_tag","embeddable":true,"href":"https:\/\/www.agriatv.hu\/index.php?rest_route=%2Fwp%2Fv2%2Ftags&post=2863"}],"curies":[{"name":"wp","href":"https:\/\/api.w.org\/{rel}","templated":true}]}}