{"id":2867,"date":"2010-12-02T13:16:11","date_gmt":"2010-12-02T13:16:11","guid":{"rendered":"http:\/\/www.agriatv.hu\/?p=2867"},"modified":"2010-12-02T13:16:11","modified_gmt":"2010-12-02T13:16:11","slug":"gyogyturizmus-a-foldalatti-ertekekre-alapozva-30-millio-forint-palyazati-penz-regionk-nepszerusitesere","status":"publish","type":"post","link":"https:\/\/www.agriatv.hu\/?p=2867","title":{"rendered":"Gy\u00f3gyturizmus a f\u00f6ldalatti \u00e9rt\u00e9kekre alapozva &#8211; 30 milli\u00f3 forint p\u00e1ly\u00e1zati p\u00e9nz r\u00e9gi\u00f3nk n\u00e9pszer\u0171s\u00edt\u00e9s\u00e9re"},"content":{"rendered":"<p><span style=\"font-family: Tahoma; font-size: x-small;\"><a href=\"https:\/\/www.agriatv.hu\/wp-content\/uploads\/2010\/12\/1202klaszter_v.jpg\"><img loading=\"lazy\" decoding=\"async\" class=\"alignleft size-thumbnail wp-image-2868\" title=\"1202klaszter_v\" src=\"https:\/\/www.agriatv.hu\/wp-content\/uploads\/2010\/12\/1202klaszter_v-150x150.jpg\" alt=\"\" width=\"150\" height=\"150\" \/><\/a><\/span>17  alap\u00edt\u00f3 tag bevon\u00e1s\u00e1val megalakult az  \u00c9szak\u00a0  Magyarorsz\u00e1gi  Gy\u00f3gyturisztikai Egyes\u00fclet, melynek c\u00e9lja a  r\u00e9gi\u00f3ban tal\u00e1lhat\u00f3   gy\u00f3gyvizek megfelel\u0151 bemutat\u00e1sa a k\u00fclf\u00f6ldi betegek  fel\u00e9. T\u00f6bb  eur\u00f3pai orsz\u00e1gban m\u00e1r felismert\u00e9k a  gy\u00f3gyturizmus gazdas\u00e1g\u00e9l\u00e9nk\u00edt\u0151  hat\u00e1s\u00e1t. Megfelel\u0151 kommunik\u00e1ci\u00f3val olyan  term\u00e9szet adta lehet\u0151s\u00e9geket  lehet kihaszn\u00e1lni, melyben Magyarorsz\u00e1g, ezen bel\u00fcl  a r\u00e9gi\u00f3nk igen  gazdag. Sajnos haz\u00e1nkban a  fizet\u0151 k\u00e9pes kereslet egyre cs\u00f6kken a  gy\u00f3gyturizmus ir\u00e1nt, az egyes\u00fclet  megalakul\u00e1s\u00e1val olyan mag\u00e1nszem\u00e9lyeket \u00e9s szervezeteket vontak \u00e9s szeretn\u00e9nek  bevonni c\u00e9ljaik  megval\u00f3s\u00edt\u00e1s\u00e1ba, akik seg\u00edts\u00e9g\u00e9vel Eger \u00e9s k\u00f6rny\u00e9k\u00e9n tal\u00e1lhat\u00f3   gy\u00f3gyvizek \u00e9s sz\u00e1llod\u00e1k\u00a0 j\u00f3l pozicion\u00e1lhat\u00f3 vezet\u0151 szerepre t\u00f6rhetn\u00e9nek.   Uni\u00f3s p\u00e1ly\u00e1zat \u00fatj\u00e1n erre a c\u00e9lra az egyes\u00fclet k\u00f6zel 30 milli\u00f3  forintot nyert. Az egyes\u00fclet eln\u00f6ke T\u00f3th Imre szeretn\u00e9 el\u00e9rni, hogy a  projekt seg\u00edts\u00e9g\u00e9vel, a  r\u00e9gi\u00f3 gy\u00f3gyvizei is megfelel\u0151 elismer\u00e9st  kapjanak, ezen kereszt\u00fcl seg\u00edtve a  kult\u00fara, az idegenforgalom, a  vend\u00e9gl\u00e1t\u00e1s \u00e9s kereskedelem felemelked\u00e9s\u00e9t.<\/p>\n<p><div class=\"wordtube\">\n<div class=\"wordtube single163\" id=\"WT1_1\" style=\"width:320px; height:240px;\">\n<a href=\"http:\/\/www.macromedia.com\/go\/getflashplayer\">Get the Flash Player<\/a> to see the wordTube Media Player.\n<\/div><\/div>\n\t<script type=\"text\/javascript\" defer=\"defer\">\nvar WT1_1 = {\n\tparams : {\n\t\twmode : \"opaque\",\n\t\tallowscriptaccess : \"always\",\n\t\tallownetworking : \"all\",\n\t\tallowfullscreen : \"true\"},\n\tflashvars : {\n\t\tfile : \"http%3A%2F%2Fwww.agriatv.hu%2Fwp-content%2Fuploads%2F2010%2F12%2F1202klaszter.flv\",\n\t\tvolume : \"80\",\n\t\tbufferlength : \"5\",\n\t\tquality : \"false\",\n\t\t'logo.hide' : \"false\",\n\t\timage : \"http%3A%2F%2Fwww.agriatv.hu%2Fwp-content%2Fuploads%2F2010%2F12%2F1202klaszter.jpg\",\n\t\ttitle : \"1202klaszter.flv\",\n\t\tlinktarget : \"_self\"},\n\tattr : {\n\t\tid : \"WT1\",\n\t\tname : \"WT1\"},\n\tstart : function() {\n\t\tswfobject.embedSWF(\"https:\/\/www.agriatv.hu\/\/player.swf\", \"WT1_1\", \"320\", \"240\", \"9.0.0\", false, this.flashvars, this.params , this.attr );\n\t}\n}\nWT1_1.start();\n\t<\/script>\nA  p\u00e1ly\u00e1zati \u00f6sszeget k\u00f6z\u00f6s  marketing kidolgoz\u00e1s\u00e1ra ford\u00edtj\u00e1k, amiben szerepel majd  informatikai  k\u00e9pz\u00e9s, a gy\u00f3gyvizek hat\u00e1smechanizmus\u00e1nak alapos kidolgoz\u00e1sa,   inform\u00e1ci\u00f3s rendszer ki\u00e9p\u00edt\u00e9se. Az eddigi tapasztalatok szerint az  egy\u00e9nenk\u00e9nti  aj\u00e1nl\u00e1s nem volt c\u00e9lravezet\u0151, \u00edgy egys\u00e9ges\u00edteni \u00e9s ez\u00e1ltal  megfoghat\u00f3bb\u00e1 kellene  tenni a rendszer. Az akt\u00edv gy\u00f3gyulni v\u00e1gy\u00f3k  megfelel\u0151 t\u00e1j\u00e9koztat\u00e1s\u00e1val\u00a0 Eger \u00e9s r\u00e9gi\u00f3ja is  elismert \u00e9s neves gy\u00f3gy\u00fcd\u00fcl\u0151hely\u00e9  n\u00f6vi ki mag\u00e1t.<\/p>\n","protected":false},"excerpt":{"rendered":"<p>17  alap\u00edt\u00f3 tag bevon\u00e1s\u00e1val megalakult az  \u00c9szak\u00a0  Magyarorsz\u00e1gi  Gy\u00f3gyturisztikai Egyes\u00fclet, melynek c\u00e9lja a  r\u00e9gi\u00f3ban tal\u00e1lhat\u00f3   gy\u00f3gyvizek megfelel\u0151 bemutat\u00e1sa a k\u00fclf\u00f6ldi betegek  fel\u00e9. T\u00f6bb  eur\u00f3pai orsz\u00e1gban m\u00e1r felismert\u00e9k a  gy\u00f3gyturizmus gazdas\u00e1g\u00e9l\u00e9nk\u00edt\u0151  hat\u00e1s\u00e1t. Megfelel\u0151 kommunik\u00e1ci\u00f3val olyan  term\u00e9szet adta lehet\u0151s\u00e9geket  lehet kihaszn\u00e1lni, melyben Magyarorsz\u00e1g, ezen [&#8230;]<\/p>\n","protected":false},"author":4,"featured_media":0,"comment_status":"open","ping_status":"closed","sticky":false,"template":"","format":"standard","meta":{"footnotes":""},"categories":[4],"tags":[],"class_list":["post-2867","post","type-post","status-publish","format-standard","hentry","category-szabadido"],"_links":{"self":[{"href":"https:\/\/www.agriatv.hu\/index.php?rest_route=\/wp\/v2\/posts\/2867","targetHints":{"allow":["GET"]}}],"collection":[{"href":"https:\/\/www.agriatv.hu\/index.php?rest_route=\/wp\/v2\/posts"}],"about":[{"href":"https:\/\/www.agriatv.hu\/index.php?rest_route=\/wp\/v2\/types\/post"}],"author":[{"embeddable":true,"href":"https:\/\/www.agriatv.hu\/index.php?rest_route=\/wp\/v2\/users\/4"}],"replies":[{"embeddable":true,"href":"https:\/\/www.agriatv.hu\/index.php?rest_route=%2Fwp%2Fv2%2Fcomments&post=2867"}],"version-history":[{"count":3,"href":"https:\/\/www.agriatv.hu\/index.php?rest_route=\/wp\/v2\/posts\/2867\/revisions"}],"predecessor-version":[{"id":2871,"href":"https:\/\/www.agriatv.hu\/index.php?rest_route=\/wp\/v2\/posts\/2867\/revisions\/2871"}],"wp:attachment":[{"href":"https:\/\/www.agriatv.hu\/index.php?rest_route=%2Fwp%2Fv2%2Fmedia&parent=2867"}],"wp:term":[{"taxonomy":"category","embeddable":true,"href":"https:\/\/www.agriatv.hu\/index.php?rest_route=%2Fwp%2Fv2%2Fcategories&post=2867"},{"taxonomy":"post_tag","embeddable":true,"href":"https:\/\/www.agriatv.hu\/index.php?rest_route=%2Fwp%2Fv2%2Ftags&post=2867"}],"curies":[{"name":"wp","href":"https:\/\/api.w.org\/{rel}","templated":true}]}}