{"id":287,"date":"2010-07-02T10:28:07","date_gmt":"2010-07-02T10:28:07","guid":{"rendered":"http:\/\/www.agriatv.hu\/?p=287"},"modified":"2010-07-02T10:28:07","modified_gmt":"2010-07-02T10:28:07","slug":"biomasszaval-futik-egerben-a-panellakasokat","status":"publish","type":"post","link":"https:\/\/www.agriatv.hu\/?p=287","title":{"rendered":"Biomassz\u00e1val f\u0171tik Egerben a panellak\u00e1sokat"},"content":{"rendered":"<p><strong>Bio&uuml;zem termeli a h\u0151energi&aacute;t az egri lak&oacute;telepi lak&aacute;sok f\u0171t&eacute;s&eacute;hez a j&ouml;v\u0151 &eacute;v janu&aacute;rj&aacute;t&oacute;l.<\/strong><\/p>\n<p><strong>V&aacute;rkonyi Gy&ouml;rgy<\/strong>, az EVAT Zrt. igazgat&oacute;ja k&eacute;rd&eacute;s&uuml;nkre meger\u0151s&iacute;tette, &iacute;gy a g&aacute;z emelked\u0151 vil&aacute;gpiaci &aacute;ra nem sokkolja a t&aacute;vf\u0171t&ouml;tt lak&aacute;sokban &eacute;l\u0151ket.<br \/>\n\tA c&eacute;g 15 &eacute;vre sz&oacute;l&oacute; meg&aacute;llapod&aacute;st &iacute;rt al&aacute; a befektet\u0151vel, aki 1,4 milli&aacute;rd forintb&oacute;l &eacute;p&iacute;ti meg az &uuml;zemet az EVAT Zrt. telephely&eacute;n.<\/p>\n<p><center>&nbsp;<\/center><\/p>\n<p>A f&aacute;val &eacute;s mez\u0151gazdas&aacute;gi hullad&eacute;kkal f\u0171t&ouml;tt &uuml;zem teljes&iacute;tm&eacute;nye 12 megawatt, &eacute;vente 200 ezer gigajoul, ami el&eacute;g &ouml;tezer t&aacute;vf\u0171t&eacute;ses lak&aacute;shoz &eacute;s ezer lak&aacute;snak megfelel\u0151 mennyis&eacute;g\u0171 int&eacute;zm&eacute;ny ell&aacute;t&aacute;s&aacute;hoz.<\/p>\n<p>Forr&aacute;s: Heol<\/p>\n","protected":false},"excerpt":{"rendered":"<p>Bio&uuml;zem termeli a h\u0151energi&aacute;t az egri lak&oacute;telepi lak&aacute;sok f\u0171t&eacute;s&eacute;hez a j&ouml;v\u0151 &eacute;v janu&aacute;rj&aacute;t&oacute;l.<br \/>\nV&aacute;rkonyi Gy&ouml;rgy, az EVAT Zrt. igazgat&oacute;ja k&eacute;rd&eacute;s&uuml;nkre meger\u0151s&iacute;tette, &iacute;gy a g&aacute;z emelked\u0151 vil&aacute;gpiaci &aacute;ra nem sokkolja a t&aacute;vf\u0171t&ouml;tt lak&aacute;sokban &eacute;l\u0151ket.<br \/>\n\tA c&eacute;g 15 &eacute;vre sz&oacute;l&oacute; meg&aacute;llapod&aacute;st &iacute;rt al&aacute; a befektet\u0151vel, aki 1,4 milli&aacute;rd forintb&oacute;l &eacute;p&iacute;ti meg az &uuml;zemet az EVAT Zrt. telephely&eacute;n.<br \/>\n&nbsp;<br \/>\nA f&aacute;val &eacute;s [&#8230;]<\/p>\n","protected":false},"author":4,"featured_media":0,"comment_status":"closed","ping_status":"open","sticky":false,"template":"","format":"standard","meta":{"footnotes":""},"categories":[6],"tags":[],"class_list":["post-287","post","type-post","status-publish","format-standard","hentry","category-belfold"],"_links":{"self":[{"href":"https:\/\/www.agriatv.hu\/index.php?rest_route=\/wp\/v2\/posts\/287","targetHints":{"allow":["GET"]}}],"collection":[{"href":"https:\/\/www.agriatv.hu\/index.php?rest_route=\/wp\/v2\/posts"}],"about":[{"href":"https:\/\/www.agriatv.hu\/index.php?rest_route=\/wp\/v2\/types\/post"}],"author":[{"embeddable":true,"href":"https:\/\/www.agriatv.hu\/index.php?rest_route=\/wp\/v2\/users\/4"}],"replies":[{"embeddable":true,"href":"https:\/\/www.agriatv.hu\/index.php?rest_route=%2Fwp%2Fv2%2Fcomments&post=287"}],"version-history":[{"count":1,"href":"https:\/\/www.agriatv.hu\/index.php?rest_route=\/wp\/v2\/posts\/287\/revisions"}],"predecessor-version":[{"id":288,"href":"https:\/\/www.agriatv.hu\/index.php?rest_route=\/wp\/v2\/posts\/287\/revisions\/288"}],"wp:attachment":[{"href":"https:\/\/www.agriatv.hu\/index.php?rest_route=%2Fwp%2Fv2%2Fmedia&parent=287"}],"wp:term":[{"taxonomy":"category","embeddable":true,"href":"https:\/\/www.agriatv.hu\/index.php?rest_route=%2Fwp%2Fv2%2Fcategories&post=287"},{"taxonomy":"post_tag","embeddable":true,"href":"https:\/\/www.agriatv.hu\/index.php?rest_route=%2Fwp%2Fv2%2Ftags&post=287"}],"curies":[{"name":"wp","href":"https:\/\/api.w.org\/{rel}","templated":true}]}}