{"id":2880,"date":"2010-12-03T15:49:33","date_gmt":"2010-12-03T15:49:33","guid":{"rendered":"http:\/\/www.agriatv.hu\/?p=2880"},"modified":"2010-12-03T20:09:24","modified_gmt":"2010-12-03T20:09:24","slug":"kommandosok-csaptak-le","status":"publish","type":"post","link":"https:\/\/www.agriatv.hu\/?p=2880","title":{"rendered":"Kommand\u00f3sok csaptak le"},"content":{"rendered":"<p><a href=\"https:\/\/www.agriatv.hu\/wp-content\/uploads\/2010\/12\/1203police_b.jpg\"><img loading=\"lazy\" decoding=\"async\" class=\"alignleft size-thumbnail wp-image-2883\" title=\"1203police_b\" src=\"https:\/\/www.agriatv.hu\/wp-content\/uploads\/2010\/12\/1203police_b-150x150.jpg\" alt=\"\" width=\"155\" height=\"125\" srcset=\"https:\/\/www.agriatv.hu\/wp-content\/uploads\/2010\/12\/1203police_b-300x240.jpg 300w, https:\/\/www.agriatv.hu\/wp-content\/uploads\/2010\/12\/1203police_b.jpg 720w\" sizes=\"auto, (max-width: 155px) 100vw, 155px\" \/><\/a>Kommand\u00f3sok fogtak el egy fiatal n\u0151t \u00e9s egy fiatal f\u00e9rfit ma d\u00e9lut\u00e1n Egerben, akik feltehet\u0151en k\u00e1b\u00edt\u00f3szerrel val\u00f3 b\u0171ncselekm\u00e9nyeket k\u00f6vettek el- mondta Solt\u00e9sz B\u00e1lint sz\u00f3viv\u0151. Az \u00e1tvizsg\u00e1l\u00e1suk sor\u00e1n a f\u00e9rfi h\u00e1tizs\u00e1kj\u00e1ban t\u00f6bb zacsk\u00f3 k\u00e1b\u00edt\u00f3szer-gyan\u00fas feh\u00e9r port tal\u00e1ltak. A nyomoz\u00f3k vizsg\u00e1lj\u00e1k, hogy saj\u00e1t c\u00e9lra, vagy elad\u00e1sra sz\u00e1nt\u00e1k a szert. <div class=\"wordtube\">\n<div class=\"wordtube single164\" id=\"WT1_1\" style=\"width:320px; height:240px;\">\n<a href=\"http:\/\/www.macromedia.com\/go\/getflashplayer\">Get the Flash Player<\/a> to see the wordTube Media Player.\n<\/div><\/div>\n\t<script type=\"text\/javascript\" defer=\"defer\">\nvar WT1_1 = {\n\tparams : {\n\t\twmode : \"opaque\",\n\t\tallowscriptaccess : \"always\",\n\t\tallownetworking : \"all\",\n\t\tallowfullscreen : \"true\"},\n\tflashvars : {\n\t\tfile : \"http%3A%2F%2Fwww.agriatv.hu%2Fwp-content%2Fuploads%2F2010%2F12%2F1203police.flv\",\n\t\tvolume : \"80\",\n\t\tbufferlength : \"5\",\n\t\tquality : \"false\",\n\t\t'logo.hide' : \"false\",\n\t\timage : \"http%3A%2F%2Fwww.agriatv.hu%2Fwp-content%2Fuploads%2F2010%2F12%2F1203polive.jpg\",\n\t\ttitle : \"1203police.flv\",\n\t\tlinktarget : \"_self\"},\n\tattr : {\n\t\tid : \"WT1\",\n\t\tname : \"WT1\"},\n\tstart : function() {\n\t\tswfobject.embedSWF(\"https:\/\/www.agriatv.hu\/\/player.swf\", \"WT1_1\", \"320\", \"240\", \"9.0.0\", false, this.flashvars, this.params , this.attr );\n\t}\n}\nWT1_1.start();\n\t<\/script>\n<\/p>\n","protected":false},"excerpt":{"rendered":"<p>Kommand\u00f3sok fogtak el egy fiatal n\u0151t \u00e9s egy fiatal f\u00e9rfit ma d\u00e9lut\u00e1n Egerben, akik feltehet\u0151en k\u00e1b\u00edt\u00f3szerrel val\u00f3 b\u0171ncselekm\u00e9nyeket k\u00f6vettek el- mondta Solt\u00e9sz B\u00e1lint sz\u00f3viv\u0151. Az \u00e1tvizsg\u00e1l\u00e1suk sor\u00e1n a f\u00e9rfi h\u00e1tizs\u00e1kj\u00e1ban t\u00f6bb zacsk\u00f3 k\u00e1b\u00edt\u00f3szer-gyan\u00fas feh\u00e9r port tal\u00e1ltak. A nyomoz\u00f3k vizsg\u00e1lj\u00e1k, hogy saj\u00e1t c\u00e9lra, vagy elad\u00e1sra sz\u00e1nt\u00e1k a szert. <\/p>\n","protected":false},"author":4,"featured_media":0,"comment_status":"open","ping_status":"closed","sticky":false,"template":"","format":"standard","meta":{"footnotes":""},"categories":[5,1],"tags":[],"class_list":["post-2880","post","type-post","status-publish","format-standard","hentry","category-kek-hirek","category-nincs-kategorizalva"],"_links":{"self":[{"href":"https:\/\/www.agriatv.hu\/index.php?rest_route=\/wp\/v2\/posts\/2880","targetHints":{"allow":["GET"]}}],"collection":[{"href":"https:\/\/www.agriatv.hu\/index.php?rest_route=\/wp\/v2\/posts"}],"about":[{"href":"https:\/\/www.agriatv.hu\/index.php?rest_route=\/wp\/v2\/types\/post"}],"author":[{"embeddable":true,"href":"https:\/\/www.agriatv.hu\/index.php?rest_route=\/wp\/v2\/users\/4"}],"replies":[{"embeddable":true,"href":"https:\/\/www.agriatv.hu\/index.php?rest_route=%2Fwp%2Fv2%2Fcomments&post=2880"}],"version-history":[{"count":4,"href":"https:\/\/www.agriatv.hu\/index.php?rest_route=\/wp\/v2\/posts\/2880\/revisions"}],"predecessor-version":[{"id":2885,"href":"https:\/\/www.agriatv.hu\/index.php?rest_route=\/wp\/v2\/posts\/2880\/revisions\/2885"}],"wp:attachment":[{"href":"https:\/\/www.agriatv.hu\/index.php?rest_route=%2Fwp%2Fv2%2Fmedia&parent=2880"}],"wp:term":[{"taxonomy":"category","embeddable":true,"href":"https:\/\/www.agriatv.hu\/index.php?rest_route=%2Fwp%2Fv2%2Fcategories&post=2880"},{"taxonomy":"post_tag","embeddable":true,"href":"https:\/\/www.agriatv.hu\/index.php?rest_route=%2Fwp%2Fv2%2Ftags&post=2880"}],"curies":[{"name":"wp","href":"https:\/\/api.w.org\/{rel}","templated":true}]}}