{"id":2892,"date":"2010-12-04T21:03:51","date_gmt":"2010-12-04T21:03:51","guid":{"rendered":"http:\/\/www.agriatv.hu\/?p=2892"},"modified":"2010-12-04T21:03:51","modified_gmt":"2010-12-04T21:03:51","slug":"betegklub-a-korhazban","status":"publish","type":"post","link":"https:\/\/www.agriatv.hu\/?p=2892","title":{"rendered":"Betegklub a k\u00f3rh\u00e1zban"},"content":{"rendered":"<p><img loading=\"lazy\" decoding=\"async\" class=\"alignleft\" src=\"http:\/\/www.egriszin.hu\/RenderedContents\/IndexImages\/6\/6896-20101203124145-1.jpg\" alt=\"\" width=\"142\" height=\"150\" \/><strong>A mozg\u00e1sszervi \u00e9s reum\u00e1s megbeteged\u00e9sekkel k\u00fczd\u0151 betegeket  t\u00f6m\u00f6r\u00edti az Arthritis-Spa betegklub, mely a Markhot Ferenc K\u00f3rh\u00e1z Reuma  oszt\u00e1ly\u00e1n alakult.<\/strong><\/p>\n<p>A betegklub c\u00e9lja, hogy id\u0151r\u0151l id\u0151re lehet\u0151s\u00e9get  biztos\u00edtson \u2013 ingyenes form\u00e1ban &#8211; olyan inform\u00e1ci\u00f3k szerz\u00e9s\u00e9re, melyek  seg\u00edthetik az embereket a betegs\u00e9g\u00fckkel kapcsolatos mindennapi  neh\u00e9zs\u00e9geik lek\u00fczd\u00e9s\u00e9ben.<br \/>\nAz els\u0151 \u00f6sszej\u00f6vetelen G\u00e1born\u00e9 T\u00f3t Ildik\u00f3t\u00f3l, ismertetette az elk\u00f6vetkezend\u0151 foglalkoz\u00e1sok, el\u0151ad\u00e1sok t\u00e9m\u00e1it.<br \/>\nA k\u00f3rh\u00e1z oszt\u00e1lyvezet\u0151 f\u0151orvosa Dr. Nagy Katalin adott t\u00e1j\u00e9koztat\u00e1st a megyei reumatol\u00f3giai betegell\u00e1t\u00e1s lehet\u0151s\u00e9geir\u0151l.<br \/>\nA  szervez\u0151k \u00e9s betegek k\u00f6lcs\u00f6n\u00f6s egyet\u00e9rt\u00e9sben megfogalmazt\u00e1k ig\u00e9ny\u00fcket a  havonk\u00e9nti tal\u00e1lkoz\u00f3kon val\u00f3 akt\u00edv r\u00e9szv\u00e9telre annak \u00e9rdek\u00e9ben, hogy  min\u00e9l ink\u00e1bb az \u0151ket \u00e9rint\u0151 probl\u00e9m\u00e1kr\u00f3l sz\u00f3ljon a tal\u00e1lkoz\u00f3.<\/p>\n<p>A klubfoglalkoz\u00e1sok tervezett ideje minden h\u00f3nap m\u00e1sodik p\u00e9ntekje, d\u00e9lut\u00e1n 2 \u00f3ra.<br \/>\nA k\u00f6vetkez\u0151 \u00f6sszej\u00f6vetel\u00fcket december 12-\u00e9n\u00a0 14.00-t\u00f3l tartj\u00e1k. A t\u00e9ma a gy\u00f3gyszerek \u00e9s mell\u00e9khat\u00e1saik \u00e9s a\u00a0 gy\u00f3gytorna.<br \/>\n\u00c9rdekl\u0151dni lev\u00e9lben lehet: Arthritis-spa betegklub 3300 Eger F\u00fcrd\u0151 u.4.<\/p>\n","protected":false},"excerpt":{"rendered":"<p>A mozg\u00e1sszervi \u00e9s reum\u00e1s megbeteged\u00e9sekkel k\u00fczd\u0151 betegeket  t\u00f6m\u00f6r\u00edti az Arthritis-Spa betegklub, mely a Markhot Ferenc K\u00f3rh\u00e1z Reuma  oszt\u00e1ly\u00e1n alakult.<br \/>\nA betegklub c\u00e9lja, hogy id\u0151r\u0151l id\u0151re lehet\u0151s\u00e9get  biztos\u00edtson \u2013 ingyenes form\u00e1ban &#8211; olyan inform\u00e1ci\u00f3k szerz\u00e9s\u00e9re, melyek  seg\u00edthetik az embereket a betegs\u00e9g\u00fckkel kapcsolatos mindennapi  neh\u00e9zs\u00e9geik lek\u00fczd\u00e9s\u00e9ben.<br \/>\nAz els\u0151 \u00f6sszej\u00f6vetelen G\u00e1born\u00e9 T\u00f3t Ildik\u00f3t\u00f3l, ismertetette az [&#8230;]<\/p>\n","protected":false},"author":4,"featured_media":0,"comment_status":"open","ping_status":"closed","sticky":false,"template":"","format":"standard","meta":{"footnotes":""},"categories":[4],"tags":[],"class_list":["post-2892","post","type-post","status-publish","format-standard","hentry","category-szabadido"],"_links":{"self":[{"href":"https:\/\/www.agriatv.hu\/index.php?rest_route=\/wp\/v2\/posts\/2892","targetHints":{"allow":["GET"]}}],"collection":[{"href":"https:\/\/www.agriatv.hu\/index.php?rest_route=\/wp\/v2\/posts"}],"about":[{"href":"https:\/\/www.agriatv.hu\/index.php?rest_route=\/wp\/v2\/types\/post"}],"author":[{"embeddable":true,"href":"https:\/\/www.agriatv.hu\/index.php?rest_route=\/wp\/v2\/users\/4"}],"replies":[{"embeddable":true,"href":"https:\/\/www.agriatv.hu\/index.php?rest_route=%2Fwp%2Fv2%2Fcomments&post=2892"}],"version-history":[{"count":1,"href":"https:\/\/www.agriatv.hu\/index.php?rest_route=\/wp\/v2\/posts\/2892\/revisions"}],"predecessor-version":[{"id":2893,"href":"https:\/\/www.agriatv.hu\/index.php?rest_route=\/wp\/v2\/posts\/2892\/revisions\/2893"}],"wp:attachment":[{"href":"https:\/\/www.agriatv.hu\/index.php?rest_route=%2Fwp%2Fv2%2Fmedia&parent=2892"}],"wp:term":[{"taxonomy":"category","embeddable":true,"href":"https:\/\/www.agriatv.hu\/index.php?rest_route=%2Fwp%2Fv2%2Fcategories&post=2892"},{"taxonomy":"post_tag","embeddable":true,"href":"https:\/\/www.agriatv.hu\/index.php?rest_route=%2Fwp%2Fv2%2Ftags&post=2892"}],"curies":[{"name":"wp","href":"https:\/\/api.w.org\/{rel}","templated":true}]}}