{"id":2894,"date":"2010-12-04T21:04:55","date_gmt":"2010-12-04T21:04:55","guid":{"rendered":"http:\/\/www.agriatv.hu\/?p=2894"},"modified":"2010-12-04T21:04:55","modified_gmt":"2010-12-04T21:04:55","slug":"a-korhazba-erkezik-a-mikulas","status":"publish","type":"post","link":"https:\/\/www.agriatv.hu\/?p=2894","title":{"rendered":"A k\u00f3rh\u00e1zba \u00e9rkezik a Mikul\u00e1s"},"content":{"rendered":"<p><img loading=\"lazy\" decoding=\"async\" class=\"kiskepcikkhez alignleft\" src=\"http:\/\/www.egriszin.hu\/RenderedContents\/IndexImages\/6\/6892-20101203110109-miku.jpg\" alt=\"\" width=\"109\" height=\"150\" \/><strong>A Markhot Ferenc K\u00f3rh\u00e1z Mikul\u00e1sa december 6-\u00e1n h\u00e9tf\u0151n 11 \u00f3rakor  l\u00e1togat  el az int\u00e9zm\u00e9ny Csecsem\u0151-Gyermek \u2013Ifj\u00fas\u00e1gi oszt\u00e1ly\u00e1ra.A k\u00f3rh\u00e1zi  Mikul\u00e1s  j\u00e1rk\u00e1l a k\u00f3rh\u00e1zban \u00e9s megaj\u00e1nd\u00e9kozza a szakrendel\u00e9seken  v\u00e1rakoz\u00f3  gyerekeket is.<\/strong><\/p>\n<p>A Beteg gyermekek\u00e9rt kultur\u00e1lis egy\u00fcttm\u0171k\u00f6d\u00e9s  keret\u00e9ben az\u00a0 Egri Kultur\u00e1lis \u00e9s M\u0171v\u00e9szeti K\u00f6zpont valamint a\u00a0 Markhot  Ferenc K\u00f3rh\u00e1z Kiemelten K\u00f6zhaszn\u00fa Alap\u00edtv\u00e1nya szervez\u00e9s\u00e9ben a Markhot  Ferenc K\u00f3rh\u00e1z Csecsem\u0151-Gyermek-Ifj\u00fas\u00e1gi oszt\u00e1ly\u00e1n Mikul\u00e1s napi  programmal kedveskednek a gyerekeknek 2010. december 7-\u00e9n 14 \u00f3rakor.  Lesz diafilm vet\u00edt\u00e9s,\u00a0 kar\u00e1csonyi d\u00edsz k\u00e9sz\u00edt\u00e9s \u00e9s aj\u00e1nd\u00e9kot is kapnak a  kis betegek.<\/p>\n","protected":false},"excerpt":{"rendered":"<p>A Markhot Ferenc K\u00f3rh\u00e1z Mikul\u00e1sa december 6-\u00e1n h\u00e9tf\u0151n 11 \u00f3rakor  l\u00e1togat  el az int\u00e9zm\u00e9ny Csecsem\u0151-Gyermek \u2013Ifj\u00fas\u00e1gi oszt\u00e1ly\u00e1ra.A k\u00f3rh\u00e1zi  Mikul\u00e1s  j\u00e1rk\u00e1l a k\u00f3rh\u00e1zban \u00e9s megaj\u00e1nd\u00e9kozza a szakrendel\u00e9seken  v\u00e1rakoz\u00f3  gyerekeket is.<br \/>\nA Beteg gyermekek\u00e9rt kultur\u00e1lis egy\u00fcttm\u0171k\u00f6d\u00e9s  keret\u00e9ben az\u00a0 Egri Kultur\u00e1lis \u00e9s M\u0171v\u00e9szeti K\u00f6zpont valamint a\u00a0 Markhot  Ferenc K\u00f3rh\u00e1z Kiemelten K\u00f6zhaszn\u00fa [&#8230;]<\/p>\n","protected":false},"author":4,"featured_media":0,"comment_status":"open","ping_status":"closed","sticky":false,"template":"","format":"standard","meta":{"footnotes":""},"categories":[4],"tags":[],"class_list":["post-2894","post","type-post","status-publish","format-standard","hentry","category-szabadido"],"_links":{"self":[{"href":"https:\/\/www.agriatv.hu\/index.php?rest_route=\/wp\/v2\/posts\/2894","targetHints":{"allow":["GET"]}}],"collection":[{"href":"https:\/\/www.agriatv.hu\/index.php?rest_route=\/wp\/v2\/posts"}],"about":[{"href":"https:\/\/www.agriatv.hu\/index.php?rest_route=\/wp\/v2\/types\/post"}],"author":[{"embeddable":true,"href":"https:\/\/www.agriatv.hu\/index.php?rest_route=\/wp\/v2\/users\/4"}],"replies":[{"embeddable":true,"href":"https:\/\/www.agriatv.hu\/index.php?rest_route=%2Fwp%2Fv2%2Fcomments&post=2894"}],"version-history":[{"count":2,"href":"https:\/\/www.agriatv.hu\/index.php?rest_route=\/wp\/v2\/posts\/2894\/revisions"}],"predecessor-version":[{"id":2896,"href":"https:\/\/www.agriatv.hu\/index.php?rest_route=\/wp\/v2\/posts\/2894\/revisions\/2896"}],"wp:attachment":[{"href":"https:\/\/www.agriatv.hu\/index.php?rest_route=%2Fwp%2Fv2%2Fmedia&parent=2894"}],"wp:term":[{"taxonomy":"category","embeddable":true,"href":"https:\/\/www.agriatv.hu\/index.php?rest_route=%2Fwp%2Fv2%2Fcategories&post=2894"},{"taxonomy":"post_tag","embeddable":true,"href":"https:\/\/www.agriatv.hu\/index.php?rest_route=%2Fwp%2Fv2%2Ftags&post=2894"}],"curies":[{"name":"wp","href":"https:\/\/api.w.org\/{rel}","templated":true}]}}