{"id":290,"date":"2010-07-02T19:51:03","date_gmt":"2010-07-02T19:51:03","guid":{"rendered":"http:\/\/www.agriatv.hu\/?p=290"},"modified":"2010-07-02T19:51:21","modified_gmt":"2010-07-02T19:51:21","slug":"mazsorettek-veszik-birtokba-az-egri-belvarost","status":"publish","type":"post","link":"https:\/\/www.agriatv.hu\/?p=290","title":{"rendered":"Mazsorettek veszik birtokba az egri belv\u00e1rost"},"content":{"rendered":"<p><strong>Az Egri Majorette Egyes&uuml;let &eacute;s a Szolnoki Husz&aacute;rzenekar showm\u0171sor&aacute;t tekinthetik meg azok, akik r&eacute;szt vesznek a XII. Zen&eacute;s Par&aacute;d&eacute;n.<\/strong><\/p>\n<p>A program j&uacute;lius 3-&aacute;n, szombaton d&eacute;lut&aacute;n f&eacute;l &ouml;tkor veszi kezdet&eacute;t az EKMK Ifj&uacute;s&aacute;gi H&aacute;z el\u0151l indul&oacute; zen&eacute;s felvonul&aacute;ssal, amelynek&nbsp;r&eacute;sztvev\u0151i a megyesz&eacute;khely f\u0151utc&aacute;j&aacute;n v&eacute;gighaladva a Dob&oacute; t&eacute;rre &eacute;rkeznek meg. Itt &ouml;t &oacute;rakor kezd\u0151dik a showm\u0171sor, amelyen az Egri Majorette Egyes&uuml;let csoportjai mutatkoznak be a Szolnoki Husz&aacute;rzenekar k&ouml;zrem\u0171k&ouml;d&eacute;s&eacute;vel. Rossz id\u0151 eset&eacute;n a rendezv&eacute;nynek a Dr. Kem&eacute;ny Ferenc Sportcsarnok ad majd otthont &ouml;t &oacute;r&aacute;t&oacute;l.<\/p>\n<p>Forr&aacute;s: Heol<\/p>\n","protected":false},"excerpt":{"rendered":"<p>Az Egri Majorette Egyes&uuml;let &eacute;s a Szolnoki Husz&aacute;rzenekar showm\u0171sor&aacute;t tekinthetik meg azok, akik r&eacute;szt vesznek a XII. Zen&eacute;s Par&aacute;d&eacute;n.<br \/>\nA program j&uacute;lius 3-&aacute;n, szombaton d&eacute;lut&aacute;n f&eacute;l &ouml;tkor veszi kezdet&eacute;t az EKMK Ifj&uacute;s&aacute;gi H&aacute;z el\u0151l indul&oacute; zen&eacute;s felvonul&aacute;ssal, amelynek&nbsp;r&eacute;sztvev\u0151i a megyesz&eacute;khely f\u0151utc&aacute;j&aacute;n v&eacute;gighaladva a Dob&oacute; t&eacute;rre &eacute;rkeznek meg. Itt &ouml;t &oacute;rakor kezd\u0151dik a showm\u0171sor, amelyen az Egri [&#8230;]<\/p>\n","protected":false},"author":4,"featured_media":0,"comment_status":"closed","ping_status":"open","sticky":false,"template":"","format":"standard","meta":{"footnotes":""},"categories":[4],"tags":[],"class_list":["post-290","post","type-post","status-publish","format-standard","hentry","category-szabadido"],"_links":{"self":[{"href":"https:\/\/www.agriatv.hu\/index.php?rest_route=\/wp\/v2\/posts\/290","targetHints":{"allow":["GET"]}}],"collection":[{"href":"https:\/\/www.agriatv.hu\/index.php?rest_route=\/wp\/v2\/posts"}],"about":[{"href":"https:\/\/www.agriatv.hu\/index.php?rest_route=\/wp\/v2\/types\/post"}],"author":[{"embeddable":true,"href":"https:\/\/www.agriatv.hu\/index.php?rest_route=\/wp\/v2\/users\/4"}],"replies":[{"embeddable":true,"href":"https:\/\/www.agriatv.hu\/index.php?rest_route=%2Fwp%2Fv2%2Fcomments&post=290"}],"version-history":[{"count":2,"href":"https:\/\/www.agriatv.hu\/index.php?rest_route=\/wp\/v2\/posts\/290\/revisions"}],"predecessor-version":[{"id":292,"href":"https:\/\/www.agriatv.hu\/index.php?rest_route=\/wp\/v2\/posts\/290\/revisions\/292"}],"wp:attachment":[{"href":"https:\/\/www.agriatv.hu\/index.php?rest_route=%2Fwp%2Fv2%2Fmedia&parent=290"}],"wp:term":[{"taxonomy":"category","embeddable":true,"href":"https:\/\/www.agriatv.hu\/index.php?rest_route=%2Fwp%2Fv2%2Fcategories&post=290"},{"taxonomy":"post_tag","embeddable":true,"href":"https:\/\/www.agriatv.hu\/index.php?rest_route=%2Fwp%2Fv2%2Ftags&post=290"}],"curies":[{"name":"wp","href":"https:\/\/api.w.org\/{rel}","templated":true}]}}