{"id":2911,"date":"2010-12-05T21:52:39","date_gmt":"2010-12-05T21:52:39","guid":{"rendered":"http:\/\/www.agriatv.hu\/?p=2911"},"modified":"2010-12-05T21:52:39","modified_gmt":"2010-12-05T21:52:39","slug":"gazdasagi-bizottsagi-elnok-lett-habis-laszlo","status":"publish","type":"post","link":"https:\/\/www.agriatv.hu\/?p=2911","title":{"rendered":"Gazdas\u00e1gi bizotts\u00e1gi eln\u00f6k lett Habis L\u00e1szl\u00f3"},"content":{"rendered":"<p><img loading=\"lazy\" decoding=\"async\" class=\"alignleft\" src=\"http:\/\/www.egriszin.hu\/RenderedContents\/IndexImages\/6\/6908-20101205195250-habis.jpg\" alt=\"\" width=\"122\" height=\"150\" \/><strong>P\u00e9nteken d\u00e9lut\u00e1n Debrecenben zajlott a Megyei Jog\u00fa V\u00e1rosok  Sz\u00f6vets\u00e9g\u00e9nek  tiszt\u00faj\u00edt\u00f3 k\u00f6zgy\u0171l\u00e9se. A Gazdas\u00e1gi Bizotts\u00e1g eln\u00f6k\u00e9v\u00e9  Habis L\u00e1szl\u00f3t, Eger polg\u00e1rmester\u00e9t  v\u00e1lasztott\u00e1k.<\/strong><\/p>\n<div>P\u00e9nteken d\u00e9lut\u00e1n Debrecenben zajlott a Megyei Jog\u00fa  V\u00e1rosok Sz\u00f6vets\u00e9g\u00e9nek tiszt\u00faj\u00edt\u00f3 k\u00f6zgy\u0171l\u00e9se. A K\u00f6zgy\u0171l\u00e9s meger\u0151s\u00edtette  hivatal\u00e1ban az eddigi eln\u00f6k\u00f6t, K\u00f3sa Lajost, Debrecen polg\u00e1rmester\u00e9t. A  sz\u00f6vets\u00e9g t\u00e1rseln\u00f6ke Szita K\u00e1roly Kaposv\u00e1r polg\u00e1rmestere lett. A  Gazdas\u00e1gi Bizotts\u00e1g k\u00f6lts\u00e9gvet\u00e9si albizotts\u00e1g\u00e1nak eln\u00f6ke Simon R\u00f3bert  Bal\u00e1zs Gy\u0151r alpolg\u00e1rmestere, a K\u00f6rnyezetv\u00e9delmi albizotts\u00e1g eln\u00f6ke  Horv\u00e1th Istv\u00e1n Szeksz\u00e1rd alpolg\u00e1rmestere, m\u00edg a V\u00e1ros\u00fczemeltet\u00e9si  albizotts\u00e1g eln\u00f6ke P\u00e1va Zsolt P\u00e9cs polg\u00e1rmestere lett.<\/div>\n","protected":false},"excerpt":{"rendered":"<p>P\u00e9nteken d\u00e9lut\u00e1n Debrecenben zajlott a Megyei Jog\u00fa V\u00e1rosok  Sz\u00f6vets\u00e9g\u00e9nek  tiszt\u00faj\u00edt\u00f3 k\u00f6zgy\u0171l\u00e9se. A Gazdas\u00e1gi Bizotts\u00e1g eln\u00f6k\u00e9v\u00e9  Habis L\u00e1szl\u00f3t, Eger polg\u00e1rmester\u00e9t  v\u00e1lasztott\u00e1k.<br \/>\nP\u00e9nteken d\u00e9lut\u00e1n Debrecenben zajlott a Megyei Jog\u00fa  V\u00e1rosok Sz\u00f6vets\u00e9g\u00e9nek tiszt\u00faj\u00edt\u00f3 k\u00f6zgy\u0171l\u00e9se. A K\u00f6zgy\u0171l\u00e9s meger\u0151s\u00edtette  hivatal\u00e1ban az eddigi eln\u00f6k\u00f6t, K\u00f3sa Lajost, Debrecen polg\u00e1rmester\u00e9t. A  sz\u00f6vets\u00e9g t\u00e1rseln\u00f6ke Szita K\u00e1roly Kaposv\u00e1r polg\u00e1rmestere [&#8230;]<\/p>\n","protected":false},"author":4,"featured_media":0,"comment_status":"open","ping_status":"closed","sticky":false,"template":"","format":"standard","meta":{"footnotes":""},"categories":[6],"tags":[],"class_list":["post-2911","post","type-post","status-publish","format-standard","hentry","category-belfold"],"_links":{"self":[{"href":"https:\/\/www.agriatv.hu\/index.php?rest_route=\/wp\/v2\/posts\/2911","targetHints":{"allow":["GET"]}}],"collection":[{"href":"https:\/\/www.agriatv.hu\/index.php?rest_route=\/wp\/v2\/posts"}],"about":[{"href":"https:\/\/www.agriatv.hu\/index.php?rest_route=\/wp\/v2\/types\/post"}],"author":[{"embeddable":true,"href":"https:\/\/www.agriatv.hu\/index.php?rest_route=\/wp\/v2\/users\/4"}],"replies":[{"embeddable":true,"href":"https:\/\/www.agriatv.hu\/index.php?rest_route=%2Fwp%2Fv2%2Fcomments&post=2911"}],"version-history":[{"count":1,"href":"https:\/\/www.agriatv.hu\/index.php?rest_route=\/wp\/v2\/posts\/2911\/revisions"}],"predecessor-version":[{"id":2912,"href":"https:\/\/www.agriatv.hu\/index.php?rest_route=\/wp\/v2\/posts\/2911\/revisions\/2912"}],"wp:attachment":[{"href":"https:\/\/www.agriatv.hu\/index.php?rest_route=%2Fwp%2Fv2%2Fmedia&parent=2911"}],"wp:term":[{"taxonomy":"category","embeddable":true,"href":"https:\/\/www.agriatv.hu\/index.php?rest_route=%2Fwp%2Fv2%2Fcategories&post=2911"},{"taxonomy":"post_tag","embeddable":true,"href":"https:\/\/www.agriatv.hu\/index.php?rest_route=%2Fwp%2Fv2%2Ftags&post=2911"}],"curies":[{"name":"wp","href":"https:\/\/api.w.org\/{rel}","templated":true}]}}