{"id":2913,"date":"2010-12-06T20:00:52","date_gmt":"2010-12-06T20:00:52","guid":{"rendered":"http:\/\/www.agriatv.hu\/?p=2913"},"modified":"2010-12-06T20:00:52","modified_gmt":"2010-12-06T20:00:52","slug":"valtoznak-a-helyi-iparuzesi-ado-feltoltes-szabalyai","status":"publish","type":"post","link":"https:\/\/www.agriatv.hu\/?p=2913","title":{"rendered":"V\u00e1ltoznak a Helyi Ipar\u0171z\u00e9si Ad\u00f3-felt\u00f6lt\u00e9s szab\u00e1lyai"},"content":{"rendered":"<p><img loading=\"lazy\" decoding=\"async\" class=\"alignleft\" src=\"http:\/\/www.egriszin.hu\/RenderedContents\/IndexImages\/6\/6915-20101206145503-apeh_0.jpg\" alt=\"\" width=\"150\" height=\"89\" \/><strong>Eger Megyei Jog\u00fa V\u00e1ros \u00d6nkorm\u00e1nyzati Ad\u00f3hat\u00f3s\u00e1ga k\u00f6zlem\u00e9nyben  h\u00edvja fel a a v\u00e1llakoz\u00f3k\/v\u00e1llalkoz\u00e1sok figyelm\u00e9t arra, hogy 2010. \u00e9vt\u0151l  v\u00e1ltoznak a Helyi Ipar\u0171z\u00e9si Ad\u00f3-felt\u00f6lt\u00e9s (-kieg\u00e9sz\u00edt\u00e9s) szab\u00e1lyai. <\/strong><\/p>\n<p>A felt\u00f6lt\u00e9sre k\u00f6telezett v\u00e1llalkoz\u00f3knak a helyi  ipar\u0171z\u00e9si ad\u00f3el\u0151leg-kieg\u00e9sz\u00edt\u00e9s \u00f6sszeg\u00e9r\u0151l az egri \u00f6nkorm\u00e1nyzati  ad\u00f3hat\u00f3s\u00e1g \u00e1ltal rendszeres\u00edtett \u201eEGER1087F\u201d nyomtatv\u00e1nyon a t\u00e1rgy\u00e9v  utols\u00f3 h\u00f3napj\u00e1nak 20. napj\u00e1ig imm\u00e1r nem csak befizet\u00e9st, de bevall\u00e1st is  tenni kell. A jelzett nyomtatv\u00e1ny let\u00f6lthet\u0151 a <a href=\"http:\/\/www.eger.hu\/\" target=\"_blank\">www.eger.hu<\/a> honlapr\u00f3l.<\/p>\n<p>V\u00e1ltozatlanul  azoknak az ad\u00f3z\u00f3knak kell az ipar\u0171z\u00e9si ad\u00f3el\u0151leget kieg\u00e9sz\u00edteni\u00fck, akik  egy\u00e9bk\u00e9nt a t\u00e1rsas\u00e1gi ad\u00f3 tekintet\u00e9ben is felt\u00f6lt\u00e9s\u00e9re k\u00f6telezettek.\u00a0 E  kieg\u00e9sz\u00edt\u00e9sre k\u00f6telezett v\u00e1llalkoz\u00e1soknak a helyi ipar\u0171z\u00e9si ad\u00f3el\u0151leget  a v\u00e1rhat\u00f3 \u00e9ves fizetend\u0151 ad\u00f3 \u00f6sszeg\u00e9re az ad\u00f3\u00e9v december 20. napj\u00e1ig  kell kieg\u00e9sz\u00edtenie. A befizet\u00e9st Eger MJV. \u00d6nkorm\u00e1nyzat  K\u00e9pvisel\u0151test\u00fclete 12033007-00102883-02200006 sz\u00e1m\u00fa Helyi ipar\u0171z\u00e9si ad\u00f3  sz\u00e1mla jav\u00e1ra lehet teljes\u00edteni.<\/p>\n<p>A helyi ipar\u0171z\u00e9si  ad\u00f3el\u0151leg-kieg\u00e9sz\u00edt\u00e9s\u00e9re k\u00f6telezett ad\u00f3z\u00f3nak a bevall\u00e1st akkor is be  kell ny\u00fajtania, ha nem keletkezett ad\u00f3el\u0151leg kieg\u00e9sz\u00edt\u00e9si  k\u00f6telezetts\u00e9ge. Az \u00f6nkorm\u00e1nyzatot megillet\u0151, az ad\u00f3\u00e9v utols\u00f3 h\u00f3napj\u00e1nak  20. napj\u00e1ig fizetend\u0151 ad\u00f3el\u0151leg-kieg\u00e9sz\u00edt\u00e9s \u00f6sszeg\u00e9t 100 Ft-ra  kerek\u00edtetten kell megadni.<\/p>\n","protected":false},"excerpt":{"rendered":"<p>Eger Megyei Jog\u00fa V\u00e1ros \u00d6nkorm\u00e1nyzati Ad\u00f3hat\u00f3s\u00e1ga k\u00f6zlem\u00e9nyben  h\u00edvja fel a a v\u00e1llakoz\u00f3k\/v\u00e1llalkoz\u00e1sok figyelm\u00e9t arra, hogy 2010. \u00e9vt\u0151l  v\u00e1ltoznak a Helyi Ipar\u0171z\u00e9si Ad\u00f3-felt\u00f6lt\u00e9s (-kieg\u00e9sz\u00edt\u00e9s) szab\u00e1lyai.<br \/>\nA felt\u00f6lt\u00e9sre k\u00f6telezett v\u00e1llalkoz\u00f3knak a helyi  ipar\u0171z\u00e9si ad\u00f3el\u0151leg-kieg\u00e9sz\u00edt\u00e9s \u00f6sszeg\u00e9r\u0151l az egri \u00f6nkorm\u00e1nyzati  ad\u00f3hat\u00f3s\u00e1g \u00e1ltal rendszeres\u00edtett \u201eEGER1087F\u201d nyomtatv\u00e1nyon a t\u00e1rgy\u00e9v  utols\u00f3 h\u00f3napj\u00e1nak 20. napj\u00e1ig imm\u00e1r nem csak [&#8230;]<\/p>\n","protected":false},"author":4,"featured_media":0,"comment_status":"open","ping_status":"closed","sticky":false,"template":"","format":"standard","meta":{"footnotes":""},"categories":[6],"tags":[],"class_list":["post-2913","post","type-post","status-publish","format-standard","hentry","category-belfold"],"_links":{"self":[{"href":"https:\/\/www.agriatv.hu\/index.php?rest_route=\/wp\/v2\/posts\/2913","targetHints":{"allow":["GET"]}}],"collection":[{"href":"https:\/\/www.agriatv.hu\/index.php?rest_route=\/wp\/v2\/posts"}],"about":[{"href":"https:\/\/www.agriatv.hu\/index.php?rest_route=\/wp\/v2\/types\/post"}],"author":[{"embeddable":true,"href":"https:\/\/www.agriatv.hu\/index.php?rest_route=\/wp\/v2\/users\/4"}],"replies":[{"embeddable":true,"href":"https:\/\/www.agriatv.hu\/index.php?rest_route=%2Fwp%2Fv2%2Fcomments&post=2913"}],"version-history":[{"count":1,"href":"https:\/\/www.agriatv.hu\/index.php?rest_route=\/wp\/v2\/posts\/2913\/revisions"}],"predecessor-version":[{"id":2914,"href":"https:\/\/www.agriatv.hu\/index.php?rest_route=\/wp\/v2\/posts\/2913\/revisions\/2914"}],"wp:attachment":[{"href":"https:\/\/www.agriatv.hu\/index.php?rest_route=%2Fwp%2Fv2%2Fmedia&parent=2913"}],"wp:term":[{"taxonomy":"category","embeddable":true,"href":"https:\/\/www.agriatv.hu\/index.php?rest_route=%2Fwp%2Fv2%2Fcategories&post=2913"},{"taxonomy":"post_tag","embeddable":true,"href":"https:\/\/www.agriatv.hu\/index.php?rest_route=%2Fwp%2Fv2%2Ftags&post=2913"}],"curies":[{"name":"wp","href":"https:\/\/api.w.org\/{rel}","templated":true}]}}