{"id":2920,"date":"2010-12-07T15:13:03","date_gmt":"2010-12-07T15:13:03","guid":{"rendered":"http:\/\/www.agriatv.hu\/?p=2920"},"modified":"2010-12-07T15:13:03","modified_gmt":"2010-12-07T15:13:03","slug":"kedvet-csinalni-a-tanulashoz","status":"publish","type":"post","link":"https:\/\/www.agriatv.hu\/?p=2920","title":{"rendered":"Kedvet csin\u00e1lni a tanul\u00e1shoz"},"content":{"rendered":"<p><img loading=\"lazy\" decoding=\"async\" class=\"alignleft\" src=\"http:\/\/www.egriszin.hu\/RenderedContents\/IndexImages\/6\/6919-20101207121444-SANY0574.JPG\" alt=\"\" width=\"150\" height=\"113\" \/><strong>Ny\u00edlt nap keret\u00e9ben mutatta az Eszterh\u00e1zy K\u00e1roly F\u0151iskola k\u00e9pz\u00e9si  k\u00edn\u00e1lat\u00e1t ma d\u00e9lel\u0151tt, a Le\u00e1nyka \u00fati Sportcsarnokban. Az int\u00e9zm\u00e9ny n\u00e9gy  karon \u00f6sszesen 99 k\u00e9pz\u00e9st k\u00edn\u00e1l az \u00e9rdekl\u0151d\u0151k sz\u00e1m\u00e1ra.<\/strong><\/p>\n<p>Az int\u00e9zm\u00e9nyi t\u00e1j\u00e9koztat\u00f3n els\u0151sorban k\u00f6z\u00e9piskol\u00e1s  di\u00e1kok sz\u00e1m\u00e1ra tartottak int\u00e9zm\u00e9nyi t\u00e1j\u00e9koztat\u00f3t, majd az oktat\u00e1si  egys\u00e9gek bej\u00e1r\u00e1s\u00e1val szeml\u00e9ltett\u00e9k mindazt, ami\u00e9rt \u00e9rdemes az Eszterh\u00e1zy  K\u00e1roly F\u0151iskol\u00e1t v\u00e1lasztani tov\u00e1bbtanul\u00e1s c\u00e9llal.<\/p>\n<p>Az  els\u0151 alkalom, hogy a Le\u00e1nyka \u00fati Sportcsarnokban tartja a f\u0151iskola a  Ny\u00edlt napot, jelentette ki L\u0151rinczn\u00e9 dr. Thiel Katalin  oktat\u00e1sfejleszt\u00e9si rektorhelyettes a t\u00e1j\u00e9koztat\u00f3n, hozz\u00e1t\u00e9ve, hogy a  L\u00edceum ebben az \u00e9vben a fel\u00faj\u00edt\u00e1si munk\u00e1latok miatt nem haszn\u00e1lhat\u00f3.<br \/>\nA  rektorhelyettes asszony kiemelte, hogy nagy hagyom\u00e1nyokkal rendelkez\u0151  int\u00e9zm\u00e9nyben a 18. sz\u00e1zad v\u00e9g\u00e9n kezd\u0151d\u00f6tt az oktat\u00e1s. Kit\u00e9rt az  int\u00e9zm\u00e9ny egyetemm\u00e9 v\u00e1l\u00e1s\u00e1nak folyamat\u00e1ra, melyhez a dokument\u00e1ci\u00f3 m\u00e1r a  d\u00f6nt\u00e9shoz\u00f3k kez\u00e9ben van.<br \/>\nA rendk\u00edv\u00fcl sz\u00ednes k\u00edn\u00e1latban 29 alapszakon,  30 mesterk\u00e9pz\u00e9si szakon, 18 fels\u0151fok\u00fa szakk\u00e9pz\u00e9si szakon v\u00e1rj\u00e1k a  jelentkez\u0151ket, hangs\u00falyozta Kal\u00f3n\u00e9 Sz\u0171cs Erzs\u00e9bet a f\u0151iskola Tanulm\u00e1nyi  \u00e9s Inform\u00e1ci\u00f3s K\u00f6zpontj\u00e1nak igazgat\u00f3ja. Mindezeken t\u00fal szakir\u00e1ny\u00fa  tov\u00e1bbk\u00e9pz\u00e9sekre is lehet jelentkezni, febru\u00e1rt\u00f3l pedig indul a doktori  iskola.<br \/>\nOrsz\u00e1gh \u00c1kos a Hallgat\u00f3i Centrum igazgat\u00f3ja a f\u0151iskolai  v\u00e1laszt\u00e1s t\u00e9nyez\u0151i k\u00f6z\u00f6tt kiemelte a k\u00e9pz\u00e9si k\u00edn\u00e1latot, az  infrastrukt\u00far\u00e1t \u00e9s a hallgat\u00f3i szolg\u00e1ltat\u00e1sokat. A v\u00e1laszt\u00e1sban  term\u00e9szetesen szerepet j\u00e1tszik a helyben zajl\u00f3 di\u00e1k\u00e9let is, tette hozz\u00e1.<\/p>\n<p>Forr\u00e1s: <a href=\"www.egriszin.hu\">Egrisz\u00edn<\/a><\/p>\n","protected":false},"excerpt":{"rendered":"<p>Ny\u00edlt nap keret\u00e9ben mutatta az Eszterh\u00e1zy K\u00e1roly F\u0151iskola k\u00e9pz\u00e9si  k\u00edn\u00e1lat\u00e1t ma d\u00e9lel\u0151tt, a Le\u00e1nyka \u00fati Sportcsarnokban. Az int\u00e9zm\u00e9ny n\u00e9gy  karon \u00f6sszesen 99 k\u00e9pz\u00e9st k\u00edn\u00e1l az \u00e9rdekl\u0151d\u0151k sz\u00e1m\u00e1ra.<br \/>\nAz int\u00e9zm\u00e9nyi t\u00e1j\u00e9koztat\u00f3n els\u0151sorban k\u00f6z\u00e9piskol\u00e1s  di\u00e1kok sz\u00e1m\u00e1ra tartottak int\u00e9zm\u00e9nyi t\u00e1j\u00e9koztat\u00f3t, majd az oktat\u00e1si  egys\u00e9gek bej\u00e1r\u00e1s\u00e1val szeml\u00e9ltett\u00e9k mindazt, ami\u00e9rt \u00e9rdemes az Eszterh\u00e1zy  K\u00e1roly F\u0151iskol\u00e1t v\u00e1lasztani [&#8230;]<\/p>\n","protected":false},"author":4,"featured_media":0,"comment_status":"open","ping_status":"closed","sticky":false,"template":"","format":"standard","meta":{"footnotes":""},"categories":[9],"tags":[],"class_list":["post-2920","post","type-post","status-publish","format-standard","hentry","category-oktatas"],"_links":{"self":[{"href":"https:\/\/www.agriatv.hu\/index.php?rest_route=\/wp\/v2\/posts\/2920","targetHints":{"allow":["GET"]}}],"collection":[{"href":"https:\/\/www.agriatv.hu\/index.php?rest_route=\/wp\/v2\/posts"}],"about":[{"href":"https:\/\/www.agriatv.hu\/index.php?rest_route=\/wp\/v2\/types\/post"}],"author":[{"embeddable":true,"href":"https:\/\/www.agriatv.hu\/index.php?rest_route=\/wp\/v2\/users\/4"}],"replies":[{"embeddable":true,"href":"https:\/\/www.agriatv.hu\/index.php?rest_route=%2Fwp%2Fv2%2Fcomments&post=2920"}],"version-history":[{"count":1,"href":"https:\/\/www.agriatv.hu\/index.php?rest_route=\/wp\/v2\/posts\/2920\/revisions"}],"predecessor-version":[{"id":2921,"href":"https:\/\/www.agriatv.hu\/index.php?rest_route=\/wp\/v2\/posts\/2920\/revisions\/2921"}],"wp:attachment":[{"href":"https:\/\/www.agriatv.hu\/index.php?rest_route=%2Fwp%2Fv2%2Fmedia&parent=2920"}],"wp:term":[{"taxonomy":"category","embeddable":true,"href":"https:\/\/www.agriatv.hu\/index.php?rest_route=%2Fwp%2Fv2%2Fcategories&post=2920"},{"taxonomy":"post_tag","embeddable":true,"href":"https:\/\/www.agriatv.hu\/index.php?rest_route=%2Fwp%2Fv2%2Ftags&post=2920"}],"curies":[{"name":"wp","href":"https:\/\/api.w.org\/{rel}","templated":true}]}}