{"id":2922,"date":"2010-12-07T15:16:03","date_gmt":"2010-12-07T15:16:03","guid":{"rendered":"http:\/\/www.agriatv.hu\/?p=2922"},"modified":"2010-12-07T15:16:03","modified_gmt":"2010-12-07T15:16:03","slug":"felhobarany-%e2%80%93-mese-az-allatokrol","status":"publish","type":"post","link":"https:\/\/www.agriatv.hu\/?p=2922","title":{"rendered":"Felh\u0151b\u00e1r\u00e1ny \u2013 mese az \u00e1llatokr\u00f3l"},"content":{"rendered":"<p><img decoding=\"async\" title=\"Fot\u00f3: G\u00e1l G\u00e1bor\" src=\"http:\/\/www.egriszin.hu\/RenderedContents\/IndexImages\/6\/6920-20101207140322-fb2.jpg\" alt=\"\" \/><\/p>\n<p><strong>Decemberben \u00faj bemutat\u00f3val v\u00e1rja a k\u00f6z\u00f6ns\u00e9get az egri Harlekin  B\u00e1bsz\u00ednh\u00e1z. A \u201eFelh\u0151b\u00e1r\u00e1ny \u2013 mese az \u00e1llatokr\u00f3l\u201d c\u00edm\u0171 b\u00e1bj\u00e1t\u00e9k kedves \u00e9s  humoros t\u00f6rt\u00e9net arr\u00f3l, hogyan telnek az \u00e1llatok napjai a mez\u0151n.<\/strong><\/p>\n<div>A Harlekin B\u00e1bsz\u00ednh\u00e1z st\u00fadi\u00f3sz\u00ednpada sz\u00e9p z\u00f6ld  mez\u0151v\u00e9 v\u00e1ltozik. Bari, a kisb\u00e1r\u00e1ny \u00e9s bar\u00e1tja, a Felh\u0151b\u00e1r\u00e1ny mindketten  elvesz\u00edtik a ny\u00e1jukat. Az \u00e1llatok mesevil\u00e1g\u00e1ban ez m\u00e1r egy komoly alapot  ny\u00fajt a bar\u00e1ts\u00e1gra. Bari \u00e9s a Felh\u0151b\u00e1r\u00e1ny teh\u00e1t \u00fatra kelnek, s  kalandoz\u00e1saik sor\u00e1n megismerkednek a mez\u0151 t\u00f6bbi lak\u00f3j\u00e1val, a n\u00e9z\u0151k el\u0151tt  pedig felelevenednek a j\u00f3l ismert tanmes\u00e9k szerepl\u0151i: A t\u00fccs\u00f6k \u00e9s a  hangya, A holl\u00f3 \u00e9s a r\u00f3ka, A tekn\u0151c \u00e9s a ny\u00fal. A gyerekek \u00e9s a feln\u0151ttek sz\u00e1m\u00e1ra is kiv\u00e1l\u00f3 sz\u00f3rakoz\u00e1st ny\u00fajthat a  Felh\u0151b\u00e1r\u00e1ny, melynek szerepl\u0151i Bencze M\u00f3nika, So\u00f3 Gy\u00f6ngyv\u00e9r, Pask\u00f3 Zsolt  \u00e9s Zsolnai Rich\u00e1rd. A darab soksz\u00edn\u0171s\u00e9ge tal\u00e1n annak is k\u00f6sz\u00f6nhet\u0151,  hogy 5 rendez\u0151je volt, akik k\u00fcl\u00f6nb\u00f6z\u0151 l\u00e1t\u00e1sm\u00f3db\u00f3l is megk\u00f6zel\u00edthett\u00e9k az  \u00e1llatos mes\u00e9ket: Bereczki Csilla, Erde\u0151s Anna, Kov\u00e1cs Petra Eszter,  Fige Attila \u00e9s Halasi D\u00e1niel. A hallgat\u00f3k tan\u00e1rai Csizmadia Tibor,  Meczner J\u00e1nos \u00e9s N\u00e1nay Istv\u00e1n. A darab zenei munkat\u00e1rsa Nagy Zolt\u00e1n, a  d\u00edszlet- \u00e9s b\u00e1btervez\u0151 pedig Orosz Klaudia.<\/div>\n<div>Forr\u00e1s: <a href=\"www.egriszin.hu\">Egrisz\u00edn<\/a><\/div>\n","protected":false},"excerpt":{"rendered":"<p>Decemberben \u00faj bemutat\u00f3val v\u00e1rja a k\u00f6z\u00f6ns\u00e9get az egri Harlekin  B\u00e1bsz\u00ednh\u00e1z. A \u201eFelh\u0151b\u00e1r\u00e1ny \u2013 mese az \u00e1llatokr\u00f3l\u201d c\u00edm\u0171 b\u00e1bj\u00e1t\u00e9k kedves \u00e9s  humoros t\u00f6rt\u00e9net arr\u00f3l, hogyan telnek az \u00e1llatok napjai a mez\u0151n.<br \/>\nA Harlekin B\u00e1bsz\u00ednh\u00e1z st\u00fadi\u00f3sz\u00ednpada sz\u00e9p z\u00f6ld  mez\u0151v\u00e9 v\u00e1ltozik. Bari, a kisb\u00e1r\u00e1ny \u00e9s bar\u00e1tja, a Felh\u0151b\u00e1r\u00e1ny mindketten  elvesz\u00edtik a ny\u00e1jukat. Az \u00e1llatok mesevil\u00e1g\u00e1ban [&#8230;]<\/p>\n","protected":false},"author":4,"featured_media":0,"comment_status":"open","ping_status":"closed","sticky":false,"template":"","format":"standard","meta":{"footnotes":""},"categories":[4],"tags":[],"class_list":["post-2922","post","type-post","status-publish","format-standard","hentry","category-szabadido"],"_links":{"self":[{"href":"https:\/\/www.agriatv.hu\/index.php?rest_route=\/wp\/v2\/posts\/2922","targetHints":{"allow":["GET"]}}],"collection":[{"href":"https:\/\/www.agriatv.hu\/index.php?rest_route=\/wp\/v2\/posts"}],"about":[{"href":"https:\/\/www.agriatv.hu\/index.php?rest_route=\/wp\/v2\/types\/post"}],"author":[{"embeddable":true,"href":"https:\/\/www.agriatv.hu\/index.php?rest_route=\/wp\/v2\/users\/4"}],"replies":[{"embeddable":true,"href":"https:\/\/www.agriatv.hu\/index.php?rest_route=%2Fwp%2Fv2%2Fcomments&post=2922"}],"version-history":[{"count":1,"href":"https:\/\/www.agriatv.hu\/index.php?rest_route=\/wp\/v2\/posts\/2922\/revisions"}],"predecessor-version":[{"id":2923,"href":"https:\/\/www.agriatv.hu\/index.php?rest_route=\/wp\/v2\/posts\/2922\/revisions\/2923"}],"wp:attachment":[{"href":"https:\/\/www.agriatv.hu\/index.php?rest_route=%2Fwp%2Fv2%2Fmedia&parent=2922"}],"wp:term":[{"taxonomy":"category","embeddable":true,"href":"https:\/\/www.agriatv.hu\/index.php?rest_route=%2Fwp%2Fv2%2Fcategories&post=2922"},{"taxonomy":"post_tag","embeddable":true,"href":"https:\/\/www.agriatv.hu\/index.php?rest_route=%2Fwp%2Fv2%2Ftags&post=2922"}],"curies":[{"name":"wp","href":"https:\/\/api.w.org\/{rel}","templated":true}]}}