{"id":2924,"date":"2010-12-07T15:17:14","date_gmt":"2010-12-07T15:17:14","guid":{"rendered":"http:\/\/www.agriatv.hu\/?p=2924"},"modified":"2010-12-07T15:17:14","modified_gmt":"2010-12-07T15:17:14","slug":"eloadas-az-elnoksegrol","status":"publish","type":"post","link":"https:\/\/www.agriatv.hu\/?p=2924","title":{"rendered":"El\u0151ad\u00e1s az eln\u00f6ks\u00e9gr\u0151l"},"content":{"rendered":"<p><img loading=\"lazy\" decoding=\"async\" class=\"alignleft\" src=\"http:\/\/www.egriszin.hu\/RenderedContents\/IndexImages\/6\/6917-20101207093111-SANY0569.JPG\" alt=\"\" width=\"150\" height=\"113\" \/><strong>\u201eA magyar EU eln\u00f6ks\u00e9g k\u00fcsz\u00f6b\u00e9n\u201d c\u00edmmel tartott el\u0151ad\u00e1st Dr. Urkuti  Gy\u00f6rgy, a K\u00fcl\u00fcgyminiszt\u00e9rium EU Eln\u00f6ks\u00e9gi Kommunik\u00e1ci\u00f3s F\u0151oszt\u00e1ly\u00e1nak  vezet\u0151je tegnap d\u00e9lut\u00e1n, a Megyeh\u00e1z\u00e1n.<\/strong><\/p>\n<p>Az uni\u00f3s ismeretek gyarap\u00edt\u00e1s\u00e1t, b\u0151v\u00edt\u00e9s\u00e9t, valamint a  t\u00e9m\u00e1ban val\u00f3 sz\u00e9lesebb k\u00f6r\u0171 t\u00e1j\u00e9kozotts\u00e1got c\u00e9lozza a Heves Megyei  Europe Direct Inform\u00e1ci\u00f3s Pont rendezv\u00e9nysorozata, mely sor\u00e1n  szakemberek el\u0151ad\u00e1sain kereszt\u00fcl ismerkedhetnek meg az \u00e9rdekl\u0151d\u0151k a ma  m\u00e1r minden polg\u00e1rt \u00e9rint\u0151 k\u00e9rd\u00e9sekkel.<br \/>\nA Europe Direct Inform\u00e1ci\u00f3s  Pont, a K\u00f6zgazdas\u00e1gi T\u00e1rsas\u00e1ggal egy\u00fcttm\u0171k\u00f6dve rendezett t\u00e1j\u00e9koztat\u00f3t  tegnap d\u00e9lut\u00e1n a Megyeh\u00e1z\u00e1m, melyen Dr. Urkuti Gy\u00f6rgy, a  K\u00fcl\u00fcgyminiszt\u00e9rium EU Eln\u00f6ks\u00e9gi Kommunik\u00e1ci\u00f3s F\u0151oszt\u00e1ly\u00e1nak vezet\u0151je  besz\u00e9lt Magyarorsz\u00e1g k\u00fcsz\u00f6b\u00f6n \u00e1ll\u00f3 eus eln\u00f6ks\u00e9g\u00e9nek k\u00e9rd\u00e9seir\u0151l.<br \/>\nAz  uni\u00f3s eln\u00f6ks\u00e9g egyed\u00fcl\u00e1ll\u00f3 lehet\u0151s\u00e9get jelent Magyarorsz\u00e1g sz\u00e1m\u00e1ra,  hiszen a k\u00f6zel 250 program felh\u00edvja a nemzetk\u00f6zi figyelmet az orsz\u00e1gra,  jav\u00edtja az im\u00e1zsunkat, hangs\u00falyozta Urkuti Gy\u00f6rgy.<br \/>\nAz el\u0151ad\u00e1son  elhangzott, hogy haz\u00e1nk a k\u00f6zepes m\u00e9ret\u0171 \u00e1llamok k\u00f6z\u00e9 tartozik  Eur\u00f3p\u00e1ban.\u00a0Az orsz\u00e1g\u00a0sz\u00e1m\u00e1ra k\u00fcl\u00f6nleges lehet\u0151s\u00e9g az eln\u00f6ks\u00e9g a  bemutatkoz\u00e1sra, j\u00f3 alkalom\u00a0megmutatni az \u00e9rt\u00e9keit Eur\u00f3p\u00e1nak\u00a0\u00e9s azt, hogy  k\u00e9pes vezet\u0151 poz\u00edci\u00f3t bet\u00f6lteni az Uni\u00f3ban.<br \/>\nAz EU eln\u00f6ks\u00e9g 80  milli\u00f3 eur\u00f3ba ker\u00fcl. Az eln\u00f6ks\u00e9g ideje alatt mintegy 250 esem\u00e9ny zajlik,  \u00e9s a feladatok miatt t\u00f6bb sz\u00e1z f\u0151vel n\u0151 az \u00e1llamigazgat\u00e1sban dolgoz\u00f3k  sz\u00e1ma. 17 inform\u00e1lis miniszteri tal\u00e1lkoz\u00f3t tartanak k\u00fcl\u00f6nb\u00f6z\u0151z\u0151  helysz\u00edneken.<br \/>\nUrkuti Gy\u00f6rgy kit\u00e9rt arra is, hogy a v\u00e1rosok \u00e9s a  megy\u00e9k kultur\u00e1lis bemutatkoz\u00e1sra, az \u00fczenetek eljuttat\u00e1s\u00e1ra is j\u00f3  lehet\u0151s\u00e9g a ciklus. Az esem\u00e9nyhez kapcsol\u00f3d\u00f3an ak\u00e1r Eger is lehet  konferencia helysz\u00edne az eln\u00f6ks\u00e9g kapcs\u00e1n.<\/p>\n<p>Forr\u00e1s: <a href=\"www.egriszin.hu\">Egrisz\u00edn<\/a><\/p>\n","protected":false},"excerpt":{"rendered":"<p>\u201eA magyar EU eln\u00f6ks\u00e9g k\u00fcsz\u00f6b\u00e9n\u201d c\u00edmmel tartott el\u0151ad\u00e1st Dr. Urkuti  Gy\u00f6rgy, a K\u00fcl\u00fcgyminiszt\u00e9rium EU Eln\u00f6ks\u00e9gi Kommunik\u00e1ci\u00f3s F\u0151oszt\u00e1ly\u00e1nak  vezet\u0151je tegnap d\u00e9lut\u00e1n, a Megyeh\u00e1z\u00e1n.<br \/>\nAz uni\u00f3s ismeretek gyarap\u00edt\u00e1s\u00e1t, b\u0151v\u00edt\u00e9s\u00e9t, valamint a  t\u00e9m\u00e1ban val\u00f3 sz\u00e9lesebb k\u00f6r\u0171 t\u00e1j\u00e9kozotts\u00e1got c\u00e9lozza a Heves Megyei  Europe Direct Inform\u00e1ci\u00f3s Pont rendezv\u00e9nysorozata, mely sor\u00e1n  szakemberek el\u0151ad\u00e1sain kereszt\u00fcl ismerkedhetnek meg az [&#8230;]<\/p>\n","protected":false},"author":4,"featured_media":0,"comment_status":"open","ping_status":"closed","sticky":false,"template":"","format":"standard","meta":{"footnotes":""},"categories":[3],"tags":[],"class_list":["post-2924","post","type-post","status-publish","format-standard","hentry","category-politika"],"_links":{"self":[{"href":"https:\/\/www.agriatv.hu\/index.php?rest_route=\/wp\/v2\/posts\/2924","targetHints":{"allow":["GET"]}}],"collection":[{"href":"https:\/\/www.agriatv.hu\/index.php?rest_route=\/wp\/v2\/posts"}],"about":[{"href":"https:\/\/www.agriatv.hu\/index.php?rest_route=\/wp\/v2\/types\/post"}],"author":[{"embeddable":true,"href":"https:\/\/www.agriatv.hu\/index.php?rest_route=\/wp\/v2\/users\/4"}],"replies":[{"embeddable":true,"href":"https:\/\/www.agriatv.hu\/index.php?rest_route=%2Fwp%2Fv2%2Fcomments&post=2924"}],"version-history":[{"count":2,"href":"https:\/\/www.agriatv.hu\/index.php?rest_route=\/wp\/v2\/posts\/2924\/revisions"}],"predecessor-version":[{"id":2926,"href":"https:\/\/www.agriatv.hu\/index.php?rest_route=\/wp\/v2\/posts\/2924\/revisions\/2926"}],"wp:attachment":[{"href":"https:\/\/www.agriatv.hu\/index.php?rest_route=%2Fwp%2Fv2%2Fmedia&parent=2924"}],"wp:term":[{"taxonomy":"category","embeddable":true,"href":"https:\/\/www.agriatv.hu\/index.php?rest_route=%2Fwp%2Fv2%2Fcategories&post=2924"},{"taxonomy":"post_tag","embeddable":true,"href":"https:\/\/www.agriatv.hu\/index.php?rest_route=%2Fwp%2Fv2%2Ftags&post=2924"}],"curies":[{"name":"wp","href":"https:\/\/api.w.org\/{rel}","templated":true}]}}