{"id":2928,"date":"2010-12-08T17:01:23","date_gmt":"2010-12-08T17:01:23","guid":{"rendered":"http:\/\/www.agriatv.hu\/?p=2928"},"modified":"2010-12-08T17:01:33","modified_gmt":"2010-12-08T17:01:33","slug":"nagy-imre-az-egri-var-fejleszteserol","status":"publish","type":"post","link":"https:\/\/www.agriatv.hu\/?p=2928","title":{"rendered":"Nagy Imre az Egri V\u00e1r fejleszt\u00e9s\u00e9r\u0151l"},"content":{"rendered":"<p><img loading=\"lazy\" decoding=\"async\" class=\"alignleft\" src=\"http:\/\/www.egriszin.hu\/RenderedContents\/IndexImages\/6\/6925-20101208155306-SANY0583.JPG\" alt=\"\" width=\"150\" height=\"113\" \/><strong>A Heves Megyei K\u00f6zgy\u0171l\u00e9s m\u0171k\u00f6d\u00e9se mellett az Egri V\u00e1r kiemelt  turisztikai projektj\u00e9r\u0151l is besz\u00e9lt dr. Nagy Imre a k\u00f6zgy\u0171l\u00e9s MSZP  frakci\u00f3j\u00e1nak vezet\u0151je mai t\u00e1j\u00e9koztat\u00f3j\u00e1n, a Megyeh\u00e1z\u00e1n. <\/strong><\/p>\n<p>dr. Nagy Imre a Heves Megyei K\u00f6zgy\u0171l\u00e9s P\u00e9nz\u00fcgyi \u00e9s  Ellen\u0151rz\u0151 Bizotts\u00e1g\u00e1nak eln\u00f6ke probl\u00e9m\u00e1snak tartja, hogy m\u00e9g nem l\u00e1tt\u00e1k a  j\u00f6v\u0151 \u00e9vi k\u00f6lts\u00e9gvet\u00e9si koncepci\u00f3 anyagait, amelyr\u0151l a december 17-\u00e9n  esed\u00e9kes K\u00f6zgy\u0171l\u00e9sen t\u00e1rgyalnak. \u00cdgy a tervezettel kapcsolatban nem  h\u00edvhatt\u00e1k \u00f6ssze a kor\u00e1bban elfogadott \u00fcgyrend szerint k\u00e9t h\u00e9ttel a  k\u00f6zgy\u0171l\u00e9s \u00fcl\u00e9se el\u0151tt a P\u00e9nz\u00fcgyi Bizotts\u00e1got.<br \/>\nA P\u00e9nz\u00fcgyi Bizotts\u00e1g  legut\u00f3bbi \u00fcl\u00e9se kapcs\u00e1n Nagy Imre elmondta, hogy t\u00f6bb aktu\u00e1lis k\u00e9rd\u00e9sr\u0151l  t\u00e1rgyaltak. A test\u00fclet a keresetkieg\u00e9sz\u00edt\u00e9ssel, szervezeti m\u0171k\u00f6d\u00e9si  szab\u00e1lyzattal kapcsolatban m\u00f3dos\u00edt\u00e1st egyhang\u00falag fogadta el.<br \/>\nA  bizotts\u00e1gi munk\u00e1ban kiemelten foglalkoztak az Egri V\u00e1r kiemelt  turisztikai fejleszt\u00e9s\u00e9vel, ami a m\u00e1sf\u00e9lmilli\u00e1rdos megye \u00e9s a v\u00e1ros  \u00e9let\u00e9ben az egyik legjelent\u0151sebb beruh\u00e1z\u00e1s, fogalmazott Nagy Imre.<br \/>\nA  politikus kiemelte, hogy a projekt j\u00f3 p\u00e9lda arra, hogy az el\u0151z\u0151 megyei  k\u00f6zgy\u0171l\u00e9s \u00e1ltal ind\u00edtott, \u00e9s a Region\u00e1lis Fejleszt\u00e9si Tan\u00e1cs \u00e1ltal  t\u00e1mogatott programot, a most a megy\u00e9t vezet\u0151k viszik v\u00e9gig.<br \/>\nEger  v\u00e1ros 110 milli\u00f3s \u00f6ner\u0151vel is besz\u00e1ll a v\u00e1r projektbe, amelyhez a megye  229 milli\u00f3t ad. Ezt az \u00f6sszeget kor\u00e1bban k\u00f6tv\u00e9nyb\u0151l k\u00fcl\u00f6n\u00edtett\u00e9k el erre  a c\u00e9lra. A kilencven sz\u00e1zal\u00e9kos t\u00e1mogatotts\u00e1g\u00fa fejleszt\u00e9sben \u00f6t  sz\u00e1zal\u00e9kban kell r\u00e9szt vennie v\u00e1llalkoz\u00e1snak. A fejleszt\u00e9s eredm\u00e9nyek\u00e9nt  legal\u00e1bb 120 ezer f\u0151vel szeretn\u00e9k n\u00f6velni a v\u00e1rba \u00e9rkez\u0151 turist\u00e1k  sz\u00e1m\u00e1t, amihez \u00faj attrakci\u00f3k \u00e9s programok kellenek, hangs\u00falyozta az  eln\u00f6k.<\/p>\n<p><div class=\"wordtube\">\n<div class=\"wordtube single167\" id=\"WT1_1\" style=\"width:320px; height:240px;\">\n<a href=\"http:\/\/www.macromedia.com\/go\/getflashplayer\">Get the Flash Player<\/a> to see the wordTube Media Player.\n<\/div><\/div>\n\t<script type=\"text\/javascript\" defer=\"defer\">\nvar WT1_1 = {\n\tparams : {\n\t\twmode : \"opaque\",\n\t\tallowscriptaccess : \"always\",\n\t\tallownetworking : \"all\",\n\t\tallowfullscreen : \"true\"},\n\tflashvars : {\n\t\tfile : \"http%3A%2F%2Fwww.agriatv.hu%2Fwp-content%2Fuploads%2F2010%2F12%2F1208mszp.flv\",\n\t\tvolume : \"80\",\n\t\tbufferlength : \"5\",\n\t\tquality : \"false\",\n\t\t'logo.hide' : \"false\",\n\t\timage : \"http%3A%2F%2Fwww.agriatv.hu%2Fwp-content%2Fuploads%2F2010%2F12%2F1208mszp.jpg\",\n\t\ttitle : \"1208mszp.flv\",\n\t\tlinktarget : \"_self\"},\n\tattr : {\n\t\tid : \"WT1\",\n\t\tname : \"WT1\"},\n\tstart : function() {\n\t\tswfobject.embedSWF(\"https:\/\/www.agriatv.hu\/\/player.swf\", \"WT1_1\", \"320\", \"240\", \"9.0.0\", false, this.flashvars, this.params , this.attr );\n\t}\n}\nWT1_1.start();\n\t<\/script>\n<br \/>\nNagy Imre aggodalm\u00e1nak adott hangot hogy a konzorciumb\u00f3l  kiker\u00fclt a Vit\u00e9zl\u0151 Oskola, mint civil szervezet, ami helyett a Dob\u00f3  Istv\u00e1n V\u00e1rm\u00fazeum l\u00e9pett be a programba.<\/p>\n<p>Forr\u00e1s: <a href=\"www.egriszin.hu\">Egrisz\u00edn<\/a><\/p>\n","protected":false},"excerpt":{"rendered":"<p>A Heves Megyei K\u00f6zgy\u0171l\u00e9s m\u0171k\u00f6d\u00e9se mellett az Egri V\u00e1r kiemelt  turisztikai projektj\u00e9r\u0151l is besz\u00e9lt dr. Nagy Imre a k\u00f6zgy\u0171l\u00e9s MSZP  frakci\u00f3j\u00e1nak vezet\u0151je mai t\u00e1j\u00e9koztat\u00f3j\u00e1n, a Megyeh\u00e1z\u00e1n.<br \/>\ndr. Nagy Imre a Heves Megyei K\u00f6zgy\u0171l\u00e9s P\u00e9nz\u00fcgyi \u00e9s  Ellen\u0151rz\u0151 Bizotts\u00e1g\u00e1nak eln\u00f6ke probl\u00e9m\u00e1snak tartja, hogy m\u00e9g nem l\u00e1tt\u00e1k a  j\u00f6v\u0151 \u00e9vi k\u00f6lts\u00e9gvet\u00e9si koncepci\u00f3 anyagait, amelyr\u0151l [&#8230;]<\/p>\n","protected":false},"author":4,"featured_media":0,"comment_status":"open","ping_status":"closed","sticky":false,"template":"","format":"standard","meta":{"footnotes":""},"categories":[8],"tags":[],"class_list":["post-2928","post","type-post","status-publish","format-standard","hentry","category-kultura"],"_links":{"self":[{"href":"https:\/\/www.agriatv.hu\/index.php?rest_route=\/wp\/v2\/posts\/2928","targetHints":{"allow":["GET"]}}],"collection":[{"href":"https:\/\/www.agriatv.hu\/index.php?rest_route=\/wp\/v2\/posts"}],"about":[{"href":"https:\/\/www.agriatv.hu\/index.php?rest_route=\/wp\/v2\/types\/post"}],"author":[{"embeddable":true,"href":"https:\/\/www.agriatv.hu\/index.php?rest_route=\/wp\/v2\/users\/4"}],"replies":[{"embeddable":true,"href":"https:\/\/www.agriatv.hu\/index.php?rest_route=%2Fwp%2Fv2%2Fcomments&post=2928"}],"version-history":[{"count":5,"href":"https:\/\/www.agriatv.hu\/index.php?rest_route=\/wp\/v2\/posts\/2928\/revisions"}],"predecessor-version":[{"id":2933,"href":"https:\/\/www.agriatv.hu\/index.php?rest_route=\/wp\/v2\/posts\/2928\/revisions\/2933"}],"wp:attachment":[{"href":"https:\/\/www.agriatv.hu\/index.php?rest_route=%2Fwp%2Fv2%2Fmedia&parent=2928"}],"wp:term":[{"taxonomy":"category","embeddable":true,"href":"https:\/\/www.agriatv.hu\/index.php?rest_route=%2Fwp%2Fv2%2Fcategories&post=2928"},{"taxonomy":"post_tag","embeddable":true,"href":"https:\/\/www.agriatv.hu\/index.php?rest_route=%2Fwp%2Fv2%2Ftags&post=2928"}],"curies":[{"name":"wp","href":"https:\/\/api.w.org\/{rel}","templated":true}]}}